{"id":8931,"date":"2018-08-09T12:31:09","date_gmt":"2018-08-09T15:31:09","guid":{"rendered":"https:\/\/blogs.correiobraziliense.com.br\/vicente\/?p=8931"},"modified":"2018-08-09T20:01:43","modified_gmt":"2018-08-09T23:01:43","slug":"governo-aumenta-previsao-de-gastos-com-servidores-de-r-20-bi-para-r-26-bi-sem-judiciario","status":"publish","type":"post","link":"https:\/\/blogs.correiobraziliense.com.br\/vicente\/governo-aumenta-previsao-de-gastos-com-servidores-de-r-20-bi-para-r-26-bi-sem-judiciario\/","title":{"rendered":"Governo aumenta previs\u00e3o de gastos com servidores de R$ 20 bi para R$ 26 bi, sem Judici\u00e1rio"},"content":{"rendered":"<h2>ROSANA HESSEL<\/h2>\n<h2><\/h2>\n<h2>O governo aumentou a previs\u00e3o de gastos com servidores p\u00fablicos em 2019. A estimativa inicial, prevista na Lei de Diretrizes Or\u00e7ament\u00e1rias (LDO), era de incremento de R$ 20 bilh\u00f5es, de R$ 302 bilh\u00f5es para R$ 322 bilh\u00f5es. Agora, o aumento da folha com o funcionalismo ser\u00e1 de R$ 26 bilh\u00f5es, sem contar o reajuste de 16,38% aprovado pelo Supremo Tribunal Federal (STF) nos vencimentos do Judici\u00e1rio.<\/h2>\n<p>&nbsp;<\/p>\n<p>Segundo um integrante da equipe econ\u00f4mica, a nova previs\u00e3o de aumento de gastos com pessoal estar\u00e1 no projeto de Or\u00e7amento de 2019 (PLOA) que ser\u00e1 encaminhado ao Congresso at\u00e9 31 de agosto. A\u00a0conta cresceu porque, apenas no fim de junho, governo soube quando ter\u00e1 que pagar no pr\u00f3ximo ano com senten\u00e7as judiciais e precat\u00f3rios ligados \u00e0 folha de pessoal.<\/p>\n<p>&nbsp;<\/p>\n<p>A meta do governo \u00e9 manter os R$ 20 bi de aumento. Por isso, o ministro do Planejamento, Esteves Colnago, prop\u00f4s ao presidente Michel Temer adiar o reajuste da elite do funcionalismo de 2019 para 2020. A economia seria de R$ 6,9 bilh\u00f5es. &#8220;Se governo conseguir postergar o aumento salarial dos servidores civis do executivo, economiza R$ 6,9 bilh\u00f5es. Mesmo assim, a folha (ativos e inativos) ainda crescer\u00e1 R$ 20 bilh\u00f5es&#8221;, diz o t\u00e9cnico.<\/p>\n<p>&nbsp;<\/p>\n<p>Pelos c\u00e1lculos da Consultoria Legislativa do Senado, o aumento proposto pelo Supremo, que ter\u00e1 efeito cascata em toda a administra\u00e7\u00e3o p\u00fablica, por elevar o teto do funcionalismo, ser\u00e1 de R$ 4,5 bilh\u00f5es. N\u00e3o por acaso, a equipe econ\u00f4mica est\u00e1 em p\u00e2nico. &#8220;H\u00e1 muita gente no governo ganhando o teto do funcionalismo. Todas as pessoas ser\u00e3o beneficiadas&#8221;, acrescenta o t\u00e9cnico.<\/p>\n<p>&nbsp;<\/p>\n<p>Na avalia\u00e7\u00e3o de integrantes do governo, ao contr\u00e1rio do que disse o ministro Dias Toffoli, o STF n\u00e3o ter\u00e1 como compensar o aumento dos sal\u00e1rios dos ministros em seu or\u00e7amento. A conta recair\u00e1 no colo da Uni\u00e3o. &#8220;Se o Congresso aprovar o aumento do teto do funcionalismo, de R$ 33,7 mil para R$ 39,3 mil, de imediato, todos os altos funcion\u00e1rios do Executivo com DAS 5 e 6 e assessores do Legislativo ter\u00e3o aumento. Por isso, o impacto gigantesco na folha salarial&#8221;, destaca outro t\u00e9cnico.<\/p>\n<p>&nbsp;<\/p>\n<p>Al\u00e9m do governo federal, o aumento do teto do funcionalismo pelo STF impacta o vencimento da justi\u00e7a estadual. Muitos governos estaduais est\u00e3o quebrados. S\u00e3o os casos, principalmente, do Rio de Janeiro, do Rio Grande do Sul e de Minas Gerais, que v\u00eam atrasando sal\u00e1rios e aposentadorias.<\/p>\n<p>&nbsp;<\/p>\n<p><em>Bras\u00edlia, 12h31min<\/em><\/p>\n","protected":false},"excerpt":{"rendered":"<p>ROSANA HESSEL O governo aumentou a previs\u00e3o de gastos com servidores p\u00fablicos em 2019. A estimativa inicial, prevista na Lei de Diretrizes Or\u00e7ament\u00e1rias (LDO), era de incremento de R$ 20 bilh\u00f5es, de R$ 302 bilh\u00f5es para R$ 322 bilh\u00f5es. Agora, o aumento da folha com o funcionalismo ser\u00e1 de R$ 26 bilh\u00f5es, sem contar o [&hellip;]<\/p>\n","protected":false},"author":22,"featured_media":0,"comment_status":"open","ping_status":"closed","sticky":false,"template":"","format":"standard","meta":{"footnotes":""},"categories":[600],"tags":[439,549,264,123,192],"class_list":["post-8931","post","type-post","status-publish","format-standard","hentry","category-economia","tag-judiciario","tag-orcamento","tag-reajuste","tag-servidores","tag-stf"],"_links":{"self":[{"href":"https:\/\/blogs.correiobraziliense.com.br\/vicente\/wp-json\/wp\/v2\/posts\/8931","targetHints":{"allow":["GET"]}}],"collection":[{"href":"https:\/\/blogs.correiobraziliense.com.br\/vicente\/wp-json\/wp\/v2\/posts"}],"about":[{"href":"https:\/\/blogs.correiobraziliense.com.br\/vicente\/wp-json\/wp\/v2\/types\/post"}],"author":[{"embeddable":true,"href":"https:\/\/blogs.correiobraziliense.com.br\/vicente\/wp-json\/wp\/v2\/users\/22"}],"replies":[{"embeddable":true,"href":"https:\/\/blogs.correiobraziliense.com.br\/vicente\/wp-json\/wp\/v2\/comments?post=8931"}],"version-history":[{"count":4,"href":"https:\/\/blogs.correiobraziliense.com.br\/vicente\/wp-json\/wp\/v2\/posts\/8931\/revisions"}],"predecessor-version":[{"id":8946,"href":"https:\/\/blogs.correiobraziliense.com.br\/vicente\/wp-json\/wp\/v2\/posts\/8931\/revisions\/8946"}],"wp:attachment":[{"href":"https:\/\/blogs.correiobraziliense.com.br\/vicente\/wp-json\/wp\/v2\/media?parent=8931"}],"wp:term":[{"taxonomy":"category","embeddable":true,"href":"https:\/\/blogs.correiobraziliense.com.br\/vicente\/wp-json\/wp\/v2\/categories?post=8931"},{"taxonomy":"post_tag","embeddable":true,"href":"https:\/\/blogs.correiobraziliense.com.br\/vicente\/wp-json\/wp\/v2\/tags?post=8931"}],"curies":[{"name":"wp","href":"https:\/\/api.w.org\/{rel}","templated":true}]}}