{"id":8927,"date":"2018-08-08T19:50:46","date_gmt":"2018-08-08T22:50:46","guid":{"rendered":"https:\/\/blogs.correiobraziliense.com.br\/vicente\/?p=8927"},"modified":"2018-08-08T20:15:06","modified_gmt":"2018-08-08T23:15:06","slug":"fazenda-diz-que-antecipacao-de-medida-da-casa-propria-tem-que-passar-pelo-cmn","status":"publish","type":"post","link":"https:\/\/blogs.correiobraziliense.com.br\/vicente\/fazenda-diz-que-antecipacao-de-medida-da-casa-propria-tem-que-passar-pelo-cmn\/","title":{"rendered":"Fazenda diz que antecipa\u00e7\u00e3o de medida da casa pr\u00f3pria tem que passar pelo CMN"},"content":{"rendered":"<h2>RODOLFO COSTA<\/h2>\n<h2><\/h2>\n<h2>O presidente da C\u00e2mara da Constru\u00e7\u00e3o Civil (Cbic), Jos\u00e9 Carlos Martins, diz que o presidente Michel Temer pretende antecipar a entrada em vigor da medida que autorizou o uso do Fundo de Garantia do Tempo de Servi\u00e7o (FGTS) na compra de im\u00f3veis de at\u00e9 R$ 1,5 milh\u00e3o, mas o Minist\u00e9rio da Fazenda afirma que essa proposta s\u00f3 ser\u00e1 levada adiante se for aprovada pelo Conselho Monet\u00e1rio Nacional (CMN). Pelo prazo original, a medida, que agradou as construtoras, passar\u00e1 a valer em janeiro de 2019.<\/h2>\n<p>&nbsp;<\/p>\n<p>Segundo a Fazenda, n\u00e3o h\u00e1 oposi\u00e7\u00e3o \u00e0 medida, mas nem o minist\u00e9rio nem o Banco Central v\u00e3o levar o tema para debate no CMN. A explica\u00e7\u00e3o \u00e9 a de que, quando foi definido o prazo de vig\u00eancia a partir de janeiro do ano que vem, levou-se em conta a dificuldade de bancos e empresas em adaptarem seus sistemas operacionais. Por isso, se duvida da capacidade do mercado de se adaptar em um prazo mais curto.<\/p>\n<p>&nbsp;<\/p>\n<p>T\u00e9cnicos da Fazenda garantem que o ministro, Eduardo Guardia, em nenhum momento, foi procurado pelo presidente Michel Temer para conversar sobre o assunto. Tamb\u00e9m n\u00e3o houve contato com a secret\u00e1ria-executiva do minist\u00e9rio, Ana Paula Vescovi, que cuidou diretamente da medida.<\/p>\n<p>&nbsp;<\/p>\n<p>Para que a proposta de antecipa\u00e7\u00e3o feita pelas construtoras chegue ao CMN e seja debatido e aprovado ainda neste m\u00eas, precisa que o Planalto apresente um pedido formal ou o Minist\u00e9rio do Planejamento, que faz parte do Conselho, compre a ideia. Portanto, ser\u00e1 uma decis\u00e3o mais pol\u00edtica.<\/p>\n<p>&nbsp;<\/p>\n<p>O argumento mais forte apresentado pela CBIC a Temer foi o de que, com a antecipa\u00e7\u00e3o da libera\u00e7\u00e3o do uso do FGTS na compra de im\u00f3veis de at\u00e9 R$ 1,5 milh\u00e3o, o setor da constru\u00e7\u00e3o retomar\u00e1 as atividades e poder\u00e1 criar mais empregos. O setor emprega, principalmente, pessoas de baixa qualifica\u00e7\u00e3o, que est\u00e3o sofrendo mais com a onda de desemprego.<\/p>\n<p>&nbsp;<\/p>\n<p><em>Bras\u00edlia, 19h50min<\/em><\/p>\n","protected":false},"excerpt":{"rendered":"<p>RODOLFO COSTA O presidente da C\u00e2mara da Constru\u00e7\u00e3o Civil (Cbic), Jos\u00e9 Carlos Martins, diz que o presidente Michel Temer pretende antecipar a entrada em vigor da medida que autorizou o uso do Fundo de Garantia do Tempo de Servi\u00e7o (FGTS) na compra de im\u00f3veis de at\u00e9 R$ 1,5 milh\u00e3o, mas o Minist\u00e9rio da Fazenda afirma [&hellip;]<\/p>\n","protected":false},"author":22,"featured_media":0,"comment_status":"open","ping_status":"closed","sticky":false,"template":"","format":"standard","meta":{"footnotes":""},"categories":[600],"tags":[],"class_list":["post-8927","post","type-post","status-publish","format-standard","hentry","category-economia"],"_links":{"self":[{"href":"https:\/\/blogs.correiobraziliense.com.br\/vicente\/wp-json\/wp\/v2\/posts\/8927","targetHints":{"allow":["GET"]}}],"collection":[{"href":"https:\/\/blogs.correiobraziliense.com.br\/vicente\/wp-json\/wp\/v2\/posts"}],"about":[{"href":"https:\/\/blogs.correiobraziliense.com.br\/vicente\/wp-json\/wp\/v2\/types\/post"}],"author":[{"embeddable":true,"href":"https:\/\/blogs.correiobraziliense.com.br\/vicente\/wp-json\/wp\/v2\/users\/22"}],"replies":[{"embeddable":true,"href":"https:\/\/blogs.correiobraziliense.com.br\/vicente\/wp-json\/wp\/v2\/comments?post=8927"}],"version-history":[{"count":1,"href":"https:\/\/blogs.correiobraziliense.com.br\/vicente\/wp-json\/wp\/v2\/posts\/8927\/revisions"}],"predecessor-version":[{"id":8928,"href":"https:\/\/blogs.correiobraziliense.com.br\/vicente\/wp-json\/wp\/v2\/posts\/8927\/revisions\/8928"}],"wp:attachment":[{"href":"https:\/\/blogs.correiobraziliense.com.br\/vicente\/wp-json\/wp\/v2\/media?parent=8927"}],"wp:term":[{"taxonomy":"category","embeddable":true,"href":"https:\/\/blogs.correiobraziliense.com.br\/vicente\/wp-json\/wp\/v2\/categories?post=8927"},{"taxonomy":"post_tag","embeddable":true,"href":"https:\/\/blogs.correiobraziliense.com.br\/vicente\/wp-json\/wp\/v2\/tags?post=8927"}],"curies":[{"name":"wp","href":"https:\/\/api.w.org\/{rel}","templated":true}]}}