{"id":8925,"date":"2018-08-08T19:51:30","date_gmt":"2018-08-08T22:51:30","guid":{"rendered":"https:\/\/blogs.correiobraziliense.com.br\/vicente\/?p=8925"},"modified":"2018-08-08T19:51:30","modified_gmt":"2018-08-08T22:51:30","slug":"reajuste-proposto-pelo-supremo-e-aberracao-dizem-assessores-de-temer","status":"publish","type":"post","link":"https:\/\/blogs.correiobraziliense.com.br\/vicente\/reajuste-proposto-pelo-supremo-e-aberracao-dizem-assessores-de-temer\/","title":{"rendered":"Reajuste proposto pelo Supremo \u00e9 aberra\u00e7\u00e3o, dizem assessores de Temer"},"content":{"rendered":"<h2>O Pal\u00e1cio do Planalto recebeu com irrita\u00e7\u00e3o a decis\u00e3o do Supremo Tribunal Federal (STF) de propor reajuste nos sal\u00e1rios de ministros e para o Judici\u00e1rio no Or\u00e7amento de 2019. Trata-se de uma aberra\u00e7\u00e3o, dizem assessores do presidente Michel Temer. O aumento, de 16,38%, foi aprovado por sete dos 11 ministros. O impacto nas contas p\u00fablicas ser\u00e1 de mais de R$ 3 bilh\u00f5es ao ano, porque ter\u00e1 efeito cascata. O teto do funcionalismo, hoje de R$ 33,7 mil, subir\u00e1.<\/h2>\n<p>&nbsp;<\/p>\n<p>Para a equipe econ\u00f4mica, o STF &#8220;est\u00e1 completamente fora da realidade&#8221; diante da situa\u00e7\u00e3o grav\u00edssima das contas p\u00fablicas, que dever\u00e1 fechar este ano com rombo de R$ 159 bilh\u00f5es. O Minist\u00e9rio do Planejamento, inclusive, prop\u00f4s hoje a Temer adiar o aumento do funcionalismo de 2019 para 2020, como forma de economizar R$ 6,9 bilh\u00f5es a fim de destinar esses recursos para \u00e1reas priorit\u00e1rias, como a da Educa\u00e7\u00e3o. &#8220;O que o STF fez foi endossar um corporativismo deslavado. Os ministros est\u00e3o legislando em causa pr\u00f3pria&#8221;, afirma um t\u00e9cnico.<\/p>\n<p>&nbsp;<\/p>\n<p>A torcida do Planalto e da equipe econ\u00f4mica \u00e9 para o Congresso vete o aumento proposto pelos ministros do Supremo. Mas a frustra\u00e7\u00e3o pode ser grande. N\u00e3o se descarta, no governo, a possibilidade de o Legislativo pegar carona e tamb\u00e9m propor reajuste de sal\u00e1rio para deputados e senadores. Esse movimento j\u00e1 existe dentro do Congresso.<\/p>\n<p>&nbsp;<\/p>\n<p>Esse movimento em benef\u00edcio pr\u00f3prio espanta os especialistas em contas p\u00fablicas. Neste momento, o certo seria todos darem suas cotas de sacrif\u00edcio. Eles ressaltam que o argumento usado por ju\u00edzes e procuradores de que n\u00e3o t\u00eam aumentos salariais desde 2015 n\u00e3o convence. Os magistrados e os procuradores t\u00eam uma s\u00e9rie de penduricalhos. Estudos no Conselho Nacional de Justi\u00e7a (CNJ) apontam que o sal\u00e1rio m\u00e9dio efetivo dos ju\u00edzes \u00e9 de R$ 47,7 mil.<\/p>\n<p>&nbsp;<\/p>\n<p>S\u00e3o muitos os penduricalhos nos contracheques do Judici\u00e1rio e do Minist\u00e9rio P\u00fablico da Uni\u00e3o (MPU). N\u00e3o faltam aux\u00edlios para todo tipo de coisa. Trata-se, no entender dos especialistas, de uma falta de vis\u00e3o, sobretudo se for levado em conta que mais de 13 milh\u00f5es de brasileiros est\u00e3o desempregados.<\/p>\n","protected":false},"excerpt":{"rendered":"<p>O Pal\u00e1cio do Planalto recebeu com irrita\u00e7\u00e3o a decis\u00e3o do Supremo Tribunal Federal (STF) de propor reajuste nos sal\u00e1rios de ministros e para o Judici\u00e1rio no Or\u00e7amento de 2019. Trata-se de uma aberra\u00e7\u00e3o, dizem assessores do presidente Michel Temer. O aumento, de 16,38%, foi aprovado por sete dos 11 ministros. O impacto nas contas p\u00fablicas [&hellip;]<\/p>\n","protected":false},"author":22,"featured_media":0,"comment_status":"open","ping_status":"closed","sticky":false,"template":"","format":"standard","meta":{"footnotes":""},"categories":[600],"tags":[],"class_list":["post-8925","post","type-post","status-publish","format-standard","hentry","category-economia"],"_links":{"self":[{"href":"https:\/\/blogs.correiobraziliense.com.br\/vicente\/wp-json\/wp\/v2\/posts\/8925","targetHints":{"allow":["GET"]}}],"collection":[{"href":"https:\/\/blogs.correiobraziliense.com.br\/vicente\/wp-json\/wp\/v2\/posts"}],"about":[{"href":"https:\/\/blogs.correiobraziliense.com.br\/vicente\/wp-json\/wp\/v2\/types\/post"}],"author":[{"embeddable":true,"href":"https:\/\/blogs.correiobraziliense.com.br\/vicente\/wp-json\/wp\/v2\/users\/22"}],"replies":[{"embeddable":true,"href":"https:\/\/blogs.correiobraziliense.com.br\/vicente\/wp-json\/wp\/v2\/comments?post=8925"}],"version-history":[{"count":1,"href":"https:\/\/blogs.correiobraziliense.com.br\/vicente\/wp-json\/wp\/v2\/posts\/8925\/revisions"}],"predecessor-version":[{"id":8926,"href":"https:\/\/blogs.correiobraziliense.com.br\/vicente\/wp-json\/wp\/v2\/posts\/8925\/revisions\/8926"}],"wp:attachment":[{"href":"https:\/\/blogs.correiobraziliense.com.br\/vicente\/wp-json\/wp\/v2\/media?parent=8925"}],"wp:term":[{"taxonomy":"category","embeddable":true,"href":"https:\/\/blogs.correiobraziliense.com.br\/vicente\/wp-json\/wp\/v2\/categories?post=8925"},{"taxonomy":"post_tag","embeddable":true,"href":"https:\/\/blogs.correiobraziliense.com.br\/vicente\/wp-json\/wp\/v2\/tags?post=8925"}],"curies":[{"name":"wp","href":"https:\/\/api.w.org\/{rel}","templated":true}]}}