{"id":8917,"date":"2018-08-08T18:45:53","date_gmt":"2018-08-08T21:45:53","guid":{"rendered":"https:\/\/blogs.correiobraziliense.com.br\/vicente\/?p=8917"},"modified":"2018-08-08T19:29:53","modified_gmt":"2018-08-08T22:29:53","slug":"temer-pode-adiar-reajuste-de-servidores-para-2020","status":"publish","type":"post","link":"https:\/\/blogs.correiobraziliense.com.br\/vicente\/temer-pode-adiar-reajuste-de-servidores-para-2020\/","title":{"rendered":"Temer pode adiar reajuste de servidores para 2020"},"content":{"rendered":"<h2>Sem recursos para fechar as contas, o presidente Michel Temer admite adiar, de 2019 para 2020, o reajuste dos servidores p\u00fablicos. A proposta para o adiamento foi apresentada nesta quarta-feira (08\/08) ao presidente pelo ministro do Planejamento, Esteves Colnago. O aumento de sal\u00e1rio beneficia, sobretudo, a elite do funcionalismo. O reajuste est\u00e1 previsto para ser pago em janeiro para a maioria do funcionalismo e, em julho, para os servidores da Educa\u00e7\u00e3o. A economia seria de R$ 6,9 bilh\u00f5es. Temer rejeitou, de imediato, adiar o aumento para os militares. Se aceitasse, a economia subiria para R$ 11 bilh\u00f5es.<\/h2>\n<p>&nbsp;<\/p>\n<p>A discuss\u00e3o sobre o adiamento do reajuste ocorre no mesmo momento em que o Supremo Tribunal Federal (STF) prop\u00f5e aumento para o Judici\u00e1rio no ano que vem. Por press\u00e3o dos ju\u00edzes e dos procuradores, a maioria dos ministros do Supremo decidiu levar o tema adiante, mesmo com a posi\u00e7\u00e3o contr\u00e1ria da presidente da Corte, C\u00e1rmen L\u00facia, e da situa\u00e7\u00e3o cr\u00edtica das contas p\u00fablicas. A cobran\u00e7a \u00e9 por aumento de 16,38%, que pode ter repercuss\u00e3o na Esplanada, nos estados e nos munic\u00edpios. O teto do funcionalismo, de R$ 33,7 mil, vai subir caso o reajuste seja aprovado. O impacto nas contas p\u00fablicas pode passar de R$ 3 bilh\u00f5es.<\/p>\n<p>&nbsp;<\/p>\n<p>Segundo integrantes do Planalto, a reuni\u00e3o entre Temer e o ministro do Planejamento n\u00e3o foi conclusiva. Temer vai analisar todos os pontos da proposta. N\u00e3o custa lembrar que o governo tentou adiar o reajuste de 2018 para 2019, mas uma liminar concedida pelo ministro Ricardo Lewandowski, do Supremo, manteve os aumentos. A corre\u00e7\u00e3o dos sal\u00e1rios dos servidos foi acertada ainda durante o governo de Dilma Rousseff e mantida por Temer, que encaminhou os projetos posteriormente aprovados pelo Congresso. O aumento foi dividido em quatro parcelas. A \u00faltima delas, prevista para o pr\u00f3ximo ano.<\/p>\n<p>&nbsp;<\/p>\n<p>Caso Temer aceite a proposta de adiamento dos reajustes, o projeto de Or\u00e7amento que 2019, que ser\u00e1 encaminhado at\u00e9 31 de agosto ao Congresso, n\u00e3o vai prever a atualiza\u00e7\u00e3o dos sal\u00e1rios do funcionalismo. Com isso, o or\u00e7amento da\u00a0Educa\u00e7\u00e3o dever\u00e1 receber um valor equivalente ao que conseguir economizar com o adiamento do reajuste de seus respectivos servidores.<\/p>\n<p>&nbsp;<\/p>\n<p>O restante dos R$ 6,9 bilh\u00f5es ser\u00e1 distribu\u00eddo para demais \u00e1reas sociais e investimentos.\u00a0Os valores distribu\u00eddos para cada \u00e1rea ser\u00e3o conhecidos no encaminhamento da proposta de lei or\u00e7ament\u00e1ria, que o Executivo vai encaminhar ao Congresso at\u00e9 31 de agosto.<\/p>\n<p>&nbsp;<\/p>\n<p>Bras\u00edlia, 18h45min<\/p>\n","protected":false},"excerpt":{"rendered":"<p>Sem recursos para fechar as contas, o presidente Michel Temer admite adiar, de 2019 para 2020, o reajuste dos servidores p\u00fablicos. A proposta para o adiamento foi apresentada nesta quarta-feira (08\/08) ao presidente pelo ministro do Planejamento, Esteves Colnago. O aumento de sal\u00e1rio beneficia, sobretudo, a elite do funcionalismo. O reajuste est\u00e1 previsto para ser [&hellip;]<\/p>\n","protected":false},"author":22,"featured_media":0,"comment_status":"open","ping_status":"closed","sticky":false,"template":"","format":"standard","meta":{"footnotes":""},"categories":[600],"tags":[439,264,123,39,125],"class_list":["post-8917","post","type-post","status-publish","format-standard","hentry","category-economia","tag-judiciario","tag-reajuste","tag-servidores","tag-supremo-tribunal-federal","tag-temer"],"_links":{"self":[{"href":"https:\/\/blogs.correiobraziliense.com.br\/vicente\/wp-json\/wp\/v2\/posts\/8917","targetHints":{"allow":["GET"]}}],"collection":[{"href":"https:\/\/blogs.correiobraziliense.com.br\/vicente\/wp-json\/wp\/v2\/posts"}],"about":[{"href":"https:\/\/blogs.correiobraziliense.com.br\/vicente\/wp-json\/wp\/v2\/types\/post"}],"author":[{"embeddable":true,"href":"https:\/\/blogs.correiobraziliense.com.br\/vicente\/wp-json\/wp\/v2\/users\/22"}],"replies":[{"embeddable":true,"href":"https:\/\/blogs.correiobraziliense.com.br\/vicente\/wp-json\/wp\/v2\/comments?post=8917"}],"version-history":[{"count":7,"href":"https:\/\/blogs.correiobraziliense.com.br\/vicente\/wp-json\/wp\/v2\/posts\/8917\/revisions"}],"predecessor-version":[{"id":8924,"href":"https:\/\/blogs.correiobraziliense.com.br\/vicente\/wp-json\/wp\/v2\/posts\/8917\/revisions\/8924"}],"wp:attachment":[{"href":"https:\/\/blogs.correiobraziliense.com.br\/vicente\/wp-json\/wp\/v2\/media?parent=8917"}],"wp:term":[{"taxonomy":"category","embeddable":true,"href":"https:\/\/blogs.correiobraziliense.com.br\/vicente\/wp-json\/wp\/v2\/categories?post=8917"},{"taxonomy":"post_tag","embeddable":true,"href":"https:\/\/blogs.correiobraziliense.com.br\/vicente\/wp-json\/wp\/v2\/tags?post=8917"}],"curies":[{"name":"wp","href":"https:\/\/api.w.org\/{rel}","templated":true}]}}