{"id":8915,"date":"2018-08-08T11:15:02","date_gmt":"2018-08-08T14:15:02","guid":{"rendered":"https:\/\/blogs.correiobraziliense.com.br\/vicente\/?p=8915"},"modified":"2018-08-08T11:51:41","modified_gmt":"2018-08-08T14:51:41","slug":"gerentes-e-superintendentes-do-bndes-serao-escolhidos-por-processo-seletivo","status":"publish","type":"post","link":"https:\/\/blogs.correiobraziliense.com.br\/vicente\/gerentes-e-superintendentes-do-bndes-serao-escolhidos-por-processo-seletivo\/","title":{"rendered":"Gerentes e superintendentes do BNDES ser\u00e3o escolhidos por processo seletivo"},"content":{"rendered":"<h2>O Banco Nacional de Desenvolvimento Econ\u00f4mico e Social (BNDES), que teve a imagem abalada por causa dos empr\u00e9stimos a condi\u00e7\u00f5es camaradas ao grupo JBS, dos empres\u00e1rios Wesley e Joesley Batista, d\u00e1 uma passo importante para se blindar mais politicamente e, claro, reduzir custos.<\/h2>\n<p>&nbsp;<\/p>\n<p>O presidente da institui\u00e7\u00e3o, Dyogo Oliveira, anunciou um plano de reestrutura\u00e7\u00e3o que est\u00e1 mexendo com as bases do banco. O objetivo \u00e9 mudar a estrutura interna do BNDES para focar na vis\u00e3o do cliente e prevalecer as decis\u00f5es t\u00e9cnicas, que reduzam ao m\u00e1ximo os riscos da opera\u00e7\u00e3o. Isso dar\u00e1 uma economia anual pr\u00f3xima de R$ 10 milh\u00f5es.<\/p>\n<p>&nbsp;<\/p>\n<p>Para atender a essa nova estrat\u00e9gia, o BNDES tra\u00e7ou 12 projetos corporativos, entre eles, um novo modelo organizacional com redu\u00e7\u00e3o de 56 cargos entre gerentes e coordenadores de \u00e1rea e fortalecimento da \u00e1rea operacional. Outra mudan\u00e7a proposta pela diretoria \u00e9 a nova sele\u00e7\u00e3o de executivos com sistema de rod\u00edzios.<\/p>\n<p>&nbsp;<\/p>\n<p>E mais: as nomea\u00e7\u00f5es para cargos de superintendentes, chefes de departamento e gerentes s\u00f3 poder\u00e3o ser feitas por meio de processo seletivo. Algumas dessas mudan\u00e7as foram anunciadas por Dyogo e pelo diretor de estrat\u00e9gia e RH, Ricardo Ramos.<\/p>\n<p>&nbsp;<\/p>\n<p>O lema agora \u00e9 fazer o banco evoluir ao mesmo tempo em que evolui a economia brasileira. Resta saber se a pr\u00f3xima gest\u00e3o do BNDES, que tomar\u00e1 posse em janeiro de 2019, levar\u00e1 essas medidas adiante.<\/p>\n<p>&nbsp;<\/p>\n<p><em>Bras\u00edlia, 11h15min<\/em><\/p>\n","protected":false},"excerpt":{"rendered":"<p>O Banco Nacional de Desenvolvimento Econ\u00f4mico e Social (BNDES), que teve a imagem abalada por causa dos empr\u00e9stimos a condi\u00e7\u00f5es camaradas ao grupo JBS, dos empres\u00e1rios Wesley e Joesley Batista, d\u00e1 uma passo importante para se blindar mais politicamente e, claro, reduzir custos. &nbsp; O presidente da institui\u00e7\u00e3o, Dyogo Oliveira, anunciou um plano de reestrutura\u00e7\u00e3o [&hellip;]<\/p>\n","protected":false},"author":22,"featured_media":0,"comment_status":"open","ping_status":"closed","sticky":false,"template":"","format":"standard","meta":{"footnotes":""},"categories":[600],"tags":[],"class_list":["post-8915","post","type-post","status-publish","format-standard","hentry","category-economia"],"_links":{"self":[{"href":"https:\/\/blogs.correiobraziliense.com.br\/vicente\/wp-json\/wp\/v2\/posts\/8915","targetHints":{"allow":["GET"]}}],"collection":[{"href":"https:\/\/blogs.correiobraziliense.com.br\/vicente\/wp-json\/wp\/v2\/posts"}],"about":[{"href":"https:\/\/blogs.correiobraziliense.com.br\/vicente\/wp-json\/wp\/v2\/types\/post"}],"author":[{"embeddable":true,"href":"https:\/\/blogs.correiobraziliense.com.br\/vicente\/wp-json\/wp\/v2\/users\/22"}],"replies":[{"embeddable":true,"href":"https:\/\/blogs.correiobraziliense.com.br\/vicente\/wp-json\/wp\/v2\/comments?post=8915"}],"version-history":[{"count":1,"href":"https:\/\/blogs.correiobraziliense.com.br\/vicente\/wp-json\/wp\/v2\/posts\/8915\/revisions"}],"predecessor-version":[{"id":8916,"href":"https:\/\/blogs.correiobraziliense.com.br\/vicente\/wp-json\/wp\/v2\/posts\/8915\/revisions\/8916"}],"wp:attachment":[{"href":"https:\/\/blogs.correiobraziliense.com.br\/vicente\/wp-json\/wp\/v2\/media?parent=8915"}],"wp:term":[{"taxonomy":"category","embeddable":true,"href":"https:\/\/blogs.correiobraziliense.com.br\/vicente\/wp-json\/wp\/v2\/categories?post=8915"},{"taxonomy":"post_tag","embeddable":true,"href":"https:\/\/blogs.correiobraziliense.com.br\/vicente\/wp-json\/wp\/v2\/tags?post=8915"}],"curies":[{"name":"wp","href":"https:\/\/api.w.org\/{rel}","templated":true}]}}