{"id":8913,"date":"2018-08-07T18:01:20","date_gmt":"2018-08-07T21:01:20","guid":{"rendered":"https:\/\/blogs.correiobraziliense.com.br\/vicente\/?p=8913"},"modified":"2018-08-07T18:55:19","modified_gmt":"2018-08-07T21:55:19","slug":"rumor-sobre-delacao-contra-alckmin-faz-bolsa-cair-quase-1-e-dolar-subir","status":"publish","type":"post","link":"https:\/\/blogs.correiobraziliense.com.br\/vicente\/rumor-sobre-delacao-contra-alckmin-faz-bolsa-cair-quase-1-e-dolar-subir\/","title":{"rendered":"Rumor sobre dela\u00e7\u00e3o contra Alckmin faz bolsa cair quase 1% e d\u00f3lar subir"},"content":{"rendered":"<h2>Uma s\u00e9rie de boatos sobre dela\u00e7\u00f5es contra o presidencial do PSDB, Geraldo Alckmin, provocou grande nervosismo no mercado financeiro nesta ter\u00e7a-feira (07\/08). Os rumores indicavam que Laurence Casagrande Louren\u00e7o, ex-secret\u00e1rio de Transportes de S\u00e3o Paulo e ex-presidente da Dersa, teria fechado acordo para dizer o que sabe. Ele poderia complicar Alckmin.<\/h2>\n<p>&nbsp;<\/p>\n<p>Os boatos surgiram logo ap\u00f3s a hora do almo\u00e7o. Por volta das 14h30, o Ibovespa, \u00edndice que mede a lucratividade das a\u00e7\u00f5es mais negociadas na Bolsa paulista, apontava alta de quase 0,5%. T\u00e3o logo os rumores ganharam corpo, o Ibovespa desabou, chegando a cravar perdas superiores a 1%. Encerrou o dia nos 80.347 pontos, com baixa de 0,87%.<\/p>\n<p>&nbsp;<\/p>\n<p>O d\u00f3lar, que operava praticamente est\u00e1vel, acabou ganhando for\u00e7a com os boatos e fechou as negocia\u00e7\u00f5es cotado a R$ 3,77, com alta de 0,91. Os analistas dizem que esses movimentos ser\u00e3o cada vez mais comuns daqui por diante,\u00a0 por causa das incertezas eleitorais. O mercado ser\u00e1 um terreno f\u00e9rtil para boatos.<\/p>\n<p>&nbsp;<\/p>\n<p>A equipe de Alckmin negou qualquer envolvimento dele em dela\u00e7\u00f5es. Segundo assessores do tucano, ele passou boa parte da tarde gravando, tranquilamente, programas que ser\u00e3o veiculados durante a campanha de televis\u00e3o. Alckmin tem declarado, reiteradamente, que n\u00e3o tem nada a temer em rela\u00e7\u00e3o a Laurence Casagrande, que est\u00e1 preso desde 21 de junho.<\/p>\n<p>&nbsp;<\/p>\n<p>A Pol\u00edcia Federal v\u00ea &#8220;responsabilidade criminal&#8221; de Laurence Casagrande em fraudes nas obras do Trecho Norte do Rodoanel. Em um relat\u00f3rio de 113 p\u00e1ginas, a PF\u00a0ressalta que houve\u00a0desvios e sobrepre\u00e7os de at\u00e9 R$ 131 milh\u00f5es no empreendimento. O ex-secret\u00e1rio e ex-presidente da Dersa foi preso no \u00e2mbito da Opera\u00e7\u00e3o Pedra no Caminho, bra\u00e7o da Lava-Jato em S\u00e3o Paulo.<\/p>\n<p>&nbsp;<\/p>\n<p>&nbsp;<\/p>\n<p>Em nota enviada ao <strong>Blog<\/strong>, a defesa de\u00a0Laurence Casagrande diz que &#8220;\u00e9 absolutamente mentiroso o boato segundo o qual ele estaria pensando em fazer dela\u00e7\u00e3o premiada&#8221;. O advogado\u00a0Eduardo Carnel\u00f3s afirma &#8220;que\u00a0 Laurence n\u00e3o \u00e9 delator, nem teria como se transformar em um, pela simples e contundente raz\u00e3o de que nunca praticou nenhum crime, e, por isso, nada teria a apresentar a respeito disso, muito menos algo que envolvesse o ex-governador Alckmin&#8221;.<\/p>\n<p>&nbsp;<\/p>\n<p>O advogado ressalta ainda que, &#8220;como se j\u00e1 n\u00e3o bastasse a viol\u00eancia contra Laurence, que se encontra ilegal e injustamente preso desde o dia 21 de junho deste ano, a informa\u00e7\u00e3o &#8216;vazada&#8217; de que ele estaria pensando ou negociando uma dela\u00e7\u00e3o premiada imp\u00f5e ainda mais preju\u00edzo \u00e0 sua imagem, ao atribuir a ele a condi\u00e7\u00e3o de delator, o que constitui mentira nojenta que deve ser recha\u00e7ada&#8221;.<\/p>\n<p>&nbsp;<\/p>\n<p><em>Bras\u00edlia, 18h01min<\/em><\/p>\n","protected":false},"excerpt":{"rendered":"<p>Uma s\u00e9rie de boatos sobre dela\u00e7\u00f5es contra o presidencial do PSDB, Geraldo Alckmin, provocou grande nervosismo no mercado financeiro nesta ter\u00e7a-feira (07\/08). Os rumores indicavam que Laurence Casagrande Louren\u00e7o, ex-secret\u00e1rio de Transportes de S\u00e3o Paulo e ex-presidente da Dersa, teria fechado acordo para dizer o que sabe. Ele poderia complicar Alckmin. &nbsp; Os boatos surgiram [&hellip;]<\/p>\n","protected":false},"author":22,"featured_media":0,"comment_status":"open","ping_status":"closed","sticky":false,"template":"","format":"standard","meta":{"footnotes":""},"categories":[600],"tags":[],"class_list":["post-8913","post","type-post","status-publish","format-standard","hentry","category-economia"],"_links":{"self":[{"href":"https:\/\/blogs.correiobraziliense.com.br\/vicente\/wp-json\/wp\/v2\/posts\/8913","targetHints":{"allow":["GET"]}}],"collection":[{"href":"https:\/\/blogs.correiobraziliense.com.br\/vicente\/wp-json\/wp\/v2\/posts"}],"about":[{"href":"https:\/\/blogs.correiobraziliense.com.br\/vicente\/wp-json\/wp\/v2\/types\/post"}],"author":[{"embeddable":true,"href":"https:\/\/blogs.correiobraziliense.com.br\/vicente\/wp-json\/wp\/v2\/users\/22"}],"replies":[{"embeddable":true,"href":"https:\/\/blogs.correiobraziliense.com.br\/vicente\/wp-json\/wp\/v2\/comments?post=8913"}],"version-history":[{"count":1,"href":"https:\/\/blogs.correiobraziliense.com.br\/vicente\/wp-json\/wp\/v2\/posts\/8913\/revisions"}],"predecessor-version":[{"id":8914,"href":"https:\/\/blogs.correiobraziliense.com.br\/vicente\/wp-json\/wp\/v2\/posts\/8913\/revisions\/8914"}],"wp:attachment":[{"href":"https:\/\/blogs.correiobraziliense.com.br\/vicente\/wp-json\/wp\/v2\/media?parent=8913"}],"wp:term":[{"taxonomy":"category","embeddable":true,"href":"https:\/\/blogs.correiobraziliense.com.br\/vicente\/wp-json\/wp\/v2\/categories?post=8913"},{"taxonomy":"post_tag","embeddable":true,"href":"https:\/\/blogs.correiobraziliense.com.br\/vicente\/wp-json\/wp\/v2\/tags?post=8913"}],"curies":[{"name":"wp","href":"https:\/\/api.w.org\/{rel}","templated":true}]}}