{"id":8911,"date":"2018-08-07T16:55:57","date_gmt":"2018-08-07T19:55:57","guid":{"rendered":"https:\/\/blogs.correiobraziliense.com.br\/vicente\/?p=8911"},"modified":"2018-08-07T18:00:45","modified_gmt":"2018-08-07T21:00:45","slug":"ibge-teme-que-corte-de-verbas-inviabilize-censo-demografico-de-2020","status":"publish","type":"post","link":"https:\/\/blogs.correiobraziliense.com.br\/vicente\/ibge-teme-que-corte-de-verbas-inviabilize-censo-demografico-de-2020\/","title":{"rendered":"IBGE teme que corte de verbas inviabilize Censo Demogr\u00e1fico de 2020"},"content":{"rendered":"<h2>ROSANA HESSEL<\/h2>\n<h2><\/h2>\n<h2>T\u00e9cnicos do Instituto Brasileiro de Geografia e Estat\u00edstica (IBGE) est\u00e3o preocupados com o corte no Or\u00e7amento de 2019, a exemplo do que alertou a Coordena\u00e7\u00e3o de Aperfei\u00e7oamento de Pessoal de N\u00edvel Superior (Capes), que pode ser obrigada a suspender o pagamento de bolsas de estudos a milhares de estudantes.<\/h2>\n<p>&nbsp;<\/p>\n<p>O or\u00e7amento do IBGE para a prepara\u00e7\u00e3o do Censo Demogr\u00e1fico de 2020, que deve custar entre R$ 350 milh\u00f5es e R$ 390 milh\u00f5es, pode sofrer uma redu\u00e7\u00e3o de R$ 200 milh\u00f5es. Isso inviabilizaria o levantamento, j\u00e1 que n\u00e3o haveria como o \u00f3rg\u00e3o contratar cerca de 350 mil tempor\u00e1rios para a coleta de dados.<\/p>\n<p>&nbsp;<\/p>\n<p>&#8220;Com um corte desse tamanho, o Censo de 2020 ficar\u00e1 comprometido&#8221;, diz uma fonte pr\u00f3xima \u00e0 diretoria. A perspectiva \u00e9 de que o IBGE consiga convencer o Minist\u00e9rio do Planejamento a manter intocado o or\u00e7amento do instituto. Isso, \u00e9 claro, se os argumentos foram fortes, pois a guerra por recursos na Esplanada est\u00e1 enorme.<\/p>\n<p>&nbsp;<\/p>\n<p><strong>Guerra na Esplanada<\/strong><\/p>\n<p>&nbsp;<\/p>\n<p>Um ministro diz ao <strong>Blog<\/strong> que uma s\u00e9rie de demandas tem sido encaminhadas para o Pal\u00e1cio do Planalto sobre a necessidade de mais recursos em 2019. Ele ressalta que o presidente Michel Temer tem sido instigado a falar sobre sobre o assunto, mas admite que ser\u00e1 imposs\u00edvel acomodar todas as demandas.<\/p>\n<p>&nbsp;<\/p>\n<p>Nos pr\u00f3ximos dias, a disputa por verbas tender\u00e1 a aumentar, uma vez que o Planejamento ter\u00e1 que fechar a proposta de Or\u00e7amento para 2019 a fim de envi\u00e1-la ao Congresso at\u00e9 31 de agosto. V\u00e3o pesar os lobbies mais fortes. &#8220;Quem gritar mais forte ficar\u00e1 com uma fatia maior de recursos. O povo da Capes gritou e conseguiu o compromisso de que seu or\u00e7amento ser\u00e1 preservado no ano que vem&#8221;, afirma o mesmo ministro.<\/p>\n<p>&nbsp;<\/p>\n<p>O problema, reconhece o governo, \u00e9 que, com o teto de gastos, as despesas p\u00fablicas ter\u00e3o que ser revistas e devem prevalecer as que t\u00eam mais impacto social.<\/p>\n<p>&nbsp;<\/p>\n<p><em>Bras\u00edlia, 16h55min<\/em><\/p>\n","protected":false},"excerpt":{"rendered":"<p>ROSANA HESSEL T\u00e9cnicos do Instituto Brasileiro de Geografia e Estat\u00edstica (IBGE) est\u00e3o preocupados com o corte no Or\u00e7amento de 2019, a exemplo do que alertou a Coordena\u00e7\u00e3o de Aperfei\u00e7oamento de Pessoal de N\u00edvel Superior (Capes), que pode ser obrigada a suspender o pagamento de bolsas de estudos a milhares de estudantes. &nbsp; O or\u00e7amento do [&hellip;]<\/p>\n","protected":false},"author":22,"featured_media":0,"comment_status":"open","ping_status":"closed","sticky":false,"template":"","format":"standard","meta":{"footnotes":""},"categories":[600],"tags":[],"class_list":["post-8911","post","type-post","status-publish","format-standard","hentry","category-economia"],"_links":{"self":[{"href":"https:\/\/blogs.correiobraziliense.com.br\/vicente\/wp-json\/wp\/v2\/posts\/8911","targetHints":{"allow":["GET"]}}],"collection":[{"href":"https:\/\/blogs.correiobraziliense.com.br\/vicente\/wp-json\/wp\/v2\/posts"}],"about":[{"href":"https:\/\/blogs.correiobraziliense.com.br\/vicente\/wp-json\/wp\/v2\/types\/post"}],"author":[{"embeddable":true,"href":"https:\/\/blogs.correiobraziliense.com.br\/vicente\/wp-json\/wp\/v2\/users\/22"}],"replies":[{"embeddable":true,"href":"https:\/\/blogs.correiobraziliense.com.br\/vicente\/wp-json\/wp\/v2\/comments?post=8911"}],"version-history":[{"count":1,"href":"https:\/\/blogs.correiobraziliense.com.br\/vicente\/wp-json\/wp\/v2\/posts\/8911\/revisions"}],"predecessor-version":[{"id":8912,"href":"https:\/\/blogs.correiobraziliense.com.br\/vicente\/wp-json\/wp\/v2\/posts\/8911\/revisions\/8912"}],"wp:attachment":[{"href":"https:\/\/blogs.correiobraziliense.com.br\/vicente\/wp-json\/wp\/v2\/media?parent=8911"}],"wp:term":[{"taxonomy":"category","embeddable":true,"href":"https:\/\/blogs.correiobraziliense.com.br\/vicente\/wp-json\/wp\/v2\/categories?post=8911"},{"taxonomy":"post_tag","embeddable":true,"href":"https:\/\/blogs.correiobraziliense.com.br\/vicente\/wp-json\/wp\/v2\/tags?post=8911"}],"curies":[{"name":"wp","href":"https:\/\/api.w.org\/{rel}","templated":true}]}}