{"id":8909,"date":"2018-08-07T16:01:34","date_gmt":"2018-08-07T19:01:34","guid":{"rendered":"https:\/\/blogs.correiobraziliense.com.br\/vicente\/?p=8909"},"modified":"2018-08-07T16:44:04","modified_gmt":"2018-08-07T19:44:04","slug":"planejamento-fecha-acordo-com-fundacao-niemeyer-e-vai-construir-anexo-na-esplanada","status":"publish","type":"post","link":"https:\/\/blogs.correiobraziliense.com.br\/vicente\/planejamento-fecha-acordo-com-fundacao-niemeyer-e-vai-construir-anexo-na-esplanada\/","title":{"rendered":"Planejamento fecha acordo com Funda\u00e7\u00e3o Niemeyer e vai construir anexo na Esplanada"},"content":{"rendered":"<h2>ALESSANDRA AZEVEDO<\/h2>\n<h2><\/h2>\n<h2>Depois de meses de negocia\u00e7\u00e3o entre a Secretaria de Patrim\u00f4nio P\u00fablico (SPU) e a Funda\u00e7\u00e3o Oscar Niemeyer, o anexo do bloco K da Esplanada dos Minist\u00e9rios, enfim, pode come\u00e7ar a ser constru\u00eddo. O Minist\u00e9rio do Planejamento, Desenvolvimento e Gest\u00e3o assinou, na tarde desta ter\u00e7a-feira (07\/08), um contrato com a funda\u00e7\u00e3o para viabilizar o empreendimento, que poder\u00e1 abrigar at\u00e9 2,7 mil dos 6,3 mil servidores ativos da pasta.<\/h2>\n<p>&nbsp;<\/p>\n<p>O governo federal pagar\u00e1 R$ 797,6 mil para usar e alterar o projeto arquitet\u00f4nico original dos anexos, incluindo t\u00fanel suspenso de conex\u00e3o com o edif\u00edcio principal, por tempo indeterminado. H\u00e1 quatro anos, o Minist\u00e9rio do Planejamento tentava conseguir a libera\u00e7\u00e3o dos projetos para a constru\u00e7\u00e3o de anexos.<\/p>\n<p>&nbsp;<\/p>\n<p>O objetivo \u00e9 reduzir gastos com aluguel de im\u00f3veis que abrigam \u00f3rg\u00e3os p\u00fablicos. Entre alugu\u00e9is e condom\u00ednios, o governo gastou R$ 1,788 bilh\u00e3o em 2017 para alocar parte dos 633 mil servidores p\u00fablicos em atividade nos diversos \u00f3rg\u00e3os p\u00fablicos.<\/p>\n<p>&nbsp;<\/p>\n<p>O contrato assinado pelo subsecret\u00e1rio de assuntos administrativos do MP, Walmir Gomes, e pelo diretor executivo da Funda\u00e7\u00e3o Oscar Niemeyer, Ciro Pirondi, autoriza o governo federal a replicar o projeto original dos anexos para a edifica\u00e7\u00e3o, por enquanto, apenas do pr\u00e9dio complementar ao bloco K, onde est\u00e1 instalado o Minist\u00e9rio do Planejamento. O pr\u00e9dio vai seguir o padr\u00e3o dos j\u00e1 existentes: dois blocos interligados em forma de H. Cada um com cinco pavimentos acima do solo \u2014 um t\u00e9rreo e quatro superiores \u2014 e um subsolo.<\/p>\n<p>&nbsp;<\/p>\n<p>Em mar\u00e7o, o <strong>Correio<\/strong> divulgou que as negocia\u00e7\u00f5es estavam em curso. \u00c0 \u00e9poca, o que impedia o pr\u00e9dio de ser constru\u00eddo era o fato de n\u00e3o haver acordo com a Funda\u00e7\u00e3o Oscar Niemeyer. \u201cEstamos hoje superando entraves jur\u00eddicos que, por muito tempo, nos impediam de projetos as novas unidades\u201d, diz o subsecret\u00e1rio de Assuntos Administrativos da pasta, Walmir Gomes.<\/p>\n<p>&nbsp;<\/p>\n<p>Segundo Pirondi, em menos de 15 dias todos os documentos relativos ao projeto ser\u00e3o entregues digitalizados \u00e0 SPU. \u201cO grande obst\u00e1culo \u00e0 assinatura desse contrato foi a discuss\u00e3o sobre a propriedade dos direitos autorais das obras de Niemeyer. Havia uma discuss\u00e3o na fam\u00edlia. Finalmente, estamos saindo de uma dimens\u00e3o familiar para uma dimens\u00e3o maior&#8221;, afirma o diretor-executivo da funda\u00e7\u00e3o.<\/p>\n<p>&nbsp;<\/p>\n<p>Em mar\u00e7o, a expectativa do governo era de que o primeiro deles, ligado ao bloco K, come\u00e7asse a ser erguido ainda este ano. Agora, o que falta \u00e9 destinar or\u00e7amento \u00e0 constru\u00e7\u00e3o. A SPU n\u00e3o informou quanto a Uni\u00e3o gastar\u00e1 para erguer o pr\u00e9dio com as mesmas especifica\u00e7\u00f5es dos que j\u00e1 existem \u2014 exig\u00eancia do Instituto do Patrim\u00f4nio Hist\u00f3rico e Art\u00edstico Nacional (Iphan), devido ao tombamento da \u00e1rea.<\/p>\n<p>&nbsp;<\/p>\n<p>Pelas estimativas de Pirondi, feitas a pedido do <strong>Correio<\/strong> em mar\u00e7o, a obra n\u00e3o sair\u00e1 por menos de R$ 80 milh\u00f5es, sem contar gastos com instala\u00e7\u00f5es el\u00e9tricas e pagamento dos direitos autorais devidos \u00e0 funda\u00e7\u00e3o. Ou seja, caso decida construir os oito pr\u00e9dios que ainda n\u00e3o t\u00eam anexos na Esplanada, o governo precisar\u00e1 desembolsar pelo menos R$ 640 milh\u00f5es.<\/p>\n<p>&nbsp;<\/p>\n<p><em>Bras\u00edlia, 16h01min<\/em><\/p>\n","protected":false},"excerpt":{"rendered":"<p>ALESSANDRA AZEVEDO Depois de meses de negocia\u00e7\u00e3o entre a Secretaria de Patrim\u00f4nio P\u00fablico (SPU) e a Funda\u00e7\u00e3o Oscar Niemeyer, o anexo do bloco K da Esplanada dos Minist\u00e9rios, enfim, pode come\u00e7ar a ser constru\u00eddo. O Minist\u00e9rio do Planejamento, Desenvolvimento e Gest\u00e3o assinou, na tarde desta ter\u00e7a-feira (07\/08), um contrato com a funda\u00e7\u00e3o para viabilizar o [&hellip;]<\/p>\n","protected":false},"author":22,"featured_media":0,"comment_status":"open","ping_status":"closed","sticky":false,"template":"","format":"standard","meta":{"footnotes":""},"categories":[600],"tags":[],"class_list":["post-8909","post","type-post","status-publish","format-standard","hentry","category-economia"],"_links":{"self":[{"href":"https:\/\/blogs.correiobraziliense.com.br\/vicente\/wp-json\/wp\/v2\/posts\/8909","targetHints":{"allow":["GET"]}}],"collection":[{"href":"https:\/\/blogs.correiobraziliense.com.br\/vicente\/wp-json\/wp\/v2\/posts"}],"about":[{"href":"https:\/\/blogs.correiobraziliense.com.br\/vicente\/wp-json\/wp\/v2\/types\/post"}],"author":[{"embeddable":true,"href":"https:\/\/blogs.correiobraziliense.com.br\/vicente\/wp-json\/wp\/v2\/users\/22"}],"replies":[{"embeddable":true,"href":"https:\/\/blogs.correiobraziliense.com.br\/vicente\/wp-json\/wp\/v2\/comments?post=8909"}],"version-history":[{"count":1,"href":"https:\/\/blogs.correiobraziliense.com.br\/vicente\/wp-json\/wp\/v2\/posts\/8909\/revisions"}],"predecessor-version":[{"id":8910,"href":"https:\/\/blogs.correiobraziliense.com.br\/vicente\/wp-json\/wp\/v2\/posts\/8909\/revisions\/8910"}],"wp:attachment":[{"href":"https:\/\/blogs.correiobraziliense.com.br\/vicente\/wp-json\/wp\/v2\/media?parent=8909"}],"wp:term":[{"taxonomy":"category","embeddable":true,"href":"https:\/\/blogs.correiobraziliense.com.br\/vicente\/wp-json\/wp\/v2\/categories?post=8909"},{"taxonomy":"post_tag","embeddable":true,"href":"https:\/\/blogs.correiobraziliense.com.br\/vicente\/wp-json\/wp\/v2\/tags?post=8909"}],"curies":[{"name":"wp","href":"https:\/\/api.w.org\/{rel}","templated":true}]}}