{"id":8907,"date":"2018-08-07T08:55:52","date_gmt":"2018-08-07T11:55:52","guid":{"rendered":"https:\/\/blogs.correiobraziliense.com.br\/vicente\/?p=8907"},"modified":"2018-08-07T08:55:52","modified_gmt":"2018-08-07T11:55:52","slug":"bc-cita-necessidade-de-reformas-oito-vezes-na-ata-do-copom","status":"publish","type":"post","link":"https:\/\/blogs.correiobraziliense.com.br\/vicente\/bc-cita-necessidade-de-reformas-oito-vezes-na-ata-do-copom\/","title":{"rendered":"BC cita necessidade de reformas oito vezes na ata do Copom"},"content":{"rendered":"<p>ANTONIO TEM\u00d3TEO<\/p>\n<p>&nbsp;<\/p>\n<p>A equipe do presidente do Banco Central (BC), Ilan Goldfajn, n\u00e3o faz coment\u00e1rios sobre elei\u00e7\u00f5es. Deixa isso claro todas as vezes em que \u00e9 questionada sobre os impactos do processo eleitoral na economia e nos juros. Entretanto, o tema virou assunto recorrente nos encontros do mercado com os diretores da autoridade monet\u00e1ria.<\/p>\n<p>&nbsp;<\/p>\n<p>A \u00fanica forma que o BC se manifesta publicamente sobre o assunto \u00e9 quando afirma que &#8220;uma frustra\u00e7\u00e3o das expectativas sobre a continuidade das reformas e ajustes necess\u00e1rios na economia brasileira pode afetar pr\u00eamios de risco e elevar a trajet\u00f3ria da infla\u00e7\u00e3o no horizonte relevante para a pol\u00edtica monet\u00e1ria&#8221;.<\/p>\n<p>&nbsp;<\/p>\n<p>Pois bem. A palavra &#8220;reformas&#8221; foi citada oito vezes na \u00faltima ata do Comit\u00ea de Pol\u00edtica Monet\u00e1ria (Copom), o maio n\u00famero desde julho de 2017. Vale lembrar que aquela reuni\u00e3o do colegiado ocorreu ap\u00f3s a divulga\u00e7\u00e3o das dela\u00e7\u00f5es da JBS e enterrou a possibilidade de vota\u00e7\u00e3o da reforma da Previd\u00eancia. Naquela ocasi\u00e3o os diretores citaram a palavra 11 vezes.<\/p>\n<p>&nbsp;<\/p>\n<p>Est\u00e1 cada vez mais explicito na comunica\u00e7\u00e3o do BC que as elei\u00e7\u00f5es afetar\u00e3o a trajet\u00f3ria de juros no Brasil se um candidato sem compromisso com a continuidade das reformas e dos ajustes for eleito Presidente da Rep\u00fablica. \u00a0Para piorar, a autoridade monet\u00e1ria ainda alertou para os riscos da guerra comercial e da piora do ambiente internacional.<\/p>\n","protected":false},"excerpt":{"rendered":"<p>ANTONIO TEM\u00d3TEO &nbsp; A equipe do presidente do Banco Central (BC), Ilan Goldfajn, n\u00e3o faz coment\u00e1rios sobre elei\u00e7\u00f5es. Deixa isso claro todas as vezes em que \u00e9 questionada sobre os impactos do processo eleitoral na economia e nos juros. Entretanto, o tema virou assunto recorrente nos encontros do mercado com os diretores da autoridade monet\u00e1ria. [&hellip;]<\/p>\n","protected":false},"author":22,"featured_media":0,"comment_status":"open","ping_status":"closed","sticky":false,"template":"","format":"standard","meta":{"footnotes":""},"categories":[600],"tags":[730,2721,106,99,665,107,666,2853],"class_list":["post-8907","post","type-post","status-publish","format-standard","hentry","category-economia","tag-ata","tag-ata-do-copom","tag-bc","tag-copom","tag-eleicoes","tag-ilan-goldfajn","tag-reformas","tag-riscos"],"_links":{"self":[{"href":"https:\/\/blogs.correiobraziliense.com.br\/vicente\/wp-json\/wp\/v2\/posts\/8907","targetHints":{"allow":["GET"]}}],"collection":[{"href":"https:\/\/blogs.correiobraziliense.com.br\/vicente\/wp-json\/wp\/v2\/posts"}],"about":[{"href":"https:\/\/blogs.correiobraziliense.com.br\/vicente\/wp-json\/wp\/v2\/types\/post"}],"author":[{"embeddable":true,"href":"https:\/\/blogs.correiobraziliense.com.br\/vicente\/wp-json\/wp\/v2\/users\/22"}],"replies":[{"embeddable":true,"href":"https:\/\/blogs.correiobraziliense.com.br\/vicente\/wp-json\/wp\/v2\/comments?post=8907"}],"version-history":[{"count":1,"href":"https:\/\/blogs.correiobraziliense.com.br\/vicente\/wp-json\/wp\/v2\/posts\/8907\/revisions"}],"predecessor-version":[{"id":8908,"href":"https:\/\/blogs.correiobraziliense.com.br\/vicente\/wp-json\/wp\/v2\/posts\/8907\/revisions\/8908"}],"wp:attachment":[{"href":"https:\/\/blogs.correiobraziliense.com.br\/vicente\/wp-json\/wp\/v2\/media?parent=8907"}],"wp:term":[{"taxonomy":"category","embeddable":true,"href":"https:\/\/blogs.correiobraziliense.com.br\/vicente\/wp-json\/wp\/v2\/categories?post=8907"},{"taxonomy":"post_tag","embeddable":true,"href":"https:\/\/blogs.correiobraziliense.com.br\/vicente\/wp-json\/wp\/v2\/tags?post=8907"}],"curies":[{"name":"wp","href":"https:\/\/api.w.org\/{rel}","templated":true}]}}