{"id":8905,"date":"2018-08-06T21:10:57","date_gmt":"2018-08-07T00:10:57","guid":{"rendered":"https:\/\/blogs.correiobraziliense.com.br\/vicente\/?p=8905"},"modified":"2018-08-06T22:33:19","modified_gmt":"2018-08-07T01:33:19","slug":"vai-de-mal-pior-relacao-entre-o-general-braga-neto-e-o-secretario-richard-nunes","status":"publish","type":"post","link":"https:\/\/blogs.correiobraziliense.com.br\/vicente\/vai-de-mal-pior-relacao-entre-o-general-braga-neto-e-o-secretario-richard-nunes\/","title":{"rendered":"Vai de mal a pior a rela\u00e7\u00e3o entre o general Braga Neto e o secret\u00e1rio Richard Nunes"},"content":{"rendered":"<h2>O clima est\u00e1 cada vez pior entre os comandantes da interven\u00e7\u00e3o federal no Rio de Janeiro. E o ponto central das diverg\u00eancias tem nome e sobrenome: Richard Nunes, secret\u00e1rio de Seguran\u00e7a P\u00fablica do Rio.<\/h2>\n<p>&nbsp;<\/p>\n<p>Richard Nunes acredita que ele \u00e9 o pr\u00f3prio interventor, que est\u00e1 acima do general Braga Neto, que foi nomeado interventor pelo presidente Michel Temer. Quem acompanha o dia a dia do processo, garante que o secret\u00e1rio \u00e9 a pedra destoante da interven\u00e7\u00e3o.<\/p>\n<p>&nbsp;<\/p>\n<p>A maior queixa contra Richard Nunes \u00e9 a de que ele n\u00e3o ouve nenhum dos secret\u00e1rios que formam o Gabinete de Interven\u00e7\u00e3o, e alardeia para quem quiser ouvir que ele tem o aval do Braga Neto para fazer o que quiser. Ningu\u00e9m o enfrenta, n\u00e3o se sabe se por medo ou outra coisa.<\/p>\n<p>&nbsp;<\/p>\n<p>Um secret\u00e1rio que faz parte da interven\u00e7\u00e3o diz que Richard Nunes, de t\u00e3o estrela, \u00e9 do tipo que, se &#8220;algu\u00e9m abrir a geladeira e a luz acender, pergunta qual emissora \u00e9\u201d.<\/p>\n<p>&nbsp;<\/p>\n<p>A equipe de Temer e alguns candidatos ao governo do Rio e \u00e0 Presid\u00eancia da Rep\u00fablica j\u00e1 mostraram inc\u00f4modo com o secret\u00e1rio de Seguran\u00e7a, por ele dar como certo o fim da interven\u00e7\u00e3o em 31 de dezembro, como previsto.<\/p>\n<p>&nbsp;<\/p>\n<p>Todos os outros secret\u00e1rios e t\u00e9cnicos garantem ser necess\u00e1ria uma troca de informa\u00e7\u00f5es, uma transi\u00e7\u00e3o feita com calma. &#8220;Caso contr\u00e1rio, tudo ir\u00e1 por \u00e1gua abaixo&#8221;, ressalta um dos integrantes do time do general Braga Neto.<\/p>\n<p>&nbsp;<\/p>\n<p>Enquanto o secret\u00e1rio se empanturra com seu ego, os bandidos aprontam. Ele est\u00e1 devendo um resultado muito melhor do que apresentou at\u00e9 agora \u00e0 popula\u00e7\u00e3o, que se sente totalmente desprotegida.<\/p>\n<p>&nbsp;<\/p>\n<p>Talvez se Richard Nunes se dedicasse mais a suas fun\u00e7\u00f5es e se preocupasse menos em mostrar um poder que n\u00e3o tem, haveria motivo para os moradores do Rio acreditarem que a interven\u00e7\u00e3o foi realmente um bom neg\u00f3cio.<\/p>\n<p>&nbsp;<\/p>\n<p><em>Bras\u00edlia, 21h10min<\/em><\/p>\n","protected":false},"excerpt":{"rendered":"<p>O clima est\u00e1 cada vez pior entre os comandantes da interven\u00e7\u00e3o federal no Rio de Janeiro. E o ponto central das diverg\u00eancias tem nome e sobrenome: Richard Nunes, secret\u00e1rio de Seguran\u00e7a P\u00fablica do Rio. &nbsp; Richard Nunes acredita que ele \u00e9 o pr\u00f3prio interventor, que est\u00e1 acima do general Braga Neto, que foi nomeado interventor [&hellip;]<\/p>\n","protected":false},"author":22,"featured_media":0,"comment_status":"open","ping_status":"closed","sticky":false,"template":"","format":"standard","meta":{"footnotes":""},"categories":[600],"tags":[3576,3575,710,3574,273],"class_list":["post-8905","post","type-post","status-publish","format-standard","hentry","category-economia","tag-braga-neto","tag-general","tag-intervencao","tag-richard-nunes","tag-rio"],"_links":{"self":[{"href":"https:\/\/blogs.correiobraziliense.com.br\/vicente\/wp-json\/wp\/v2\/posts\/8905","targetHints":{"allow":["GET"]}}],"collection":[{"href":"https:\/\/blogs.correiobraziliense.com.br\/vicente\/wp-json\/wp\/v2\/posts"}],"about":[{"href":"https:\/\/blogs.correiobraziliense.com.br\/vicente\/wp-json\/wp\/v2\/types\/post"}],"author":[{"embeddable":true,"href":"https:\/\/blogs.correiobraziliense.com.br\/vicente\/wp-json\/wp\/v2\/users\/22"}],"replies":[{"embeddable":true,"href":"https:\/\/blogs.correiobraziliense.com.br\/vicente\/wp-json\/wp\/v2\/comments?post=8905"}],"version-history":[{"count":1,"href":"https:\/\/blogs.correiobraziliense.com.br\/vicente\/wp-json\/wp\/v2\/posts\/8905\/revisions"}],"predecessor-version":[{"id":8906,"href":"https:\/\/blogs.correiobraziliense.com.br\/vicente\/wp-json\/wp\/v2\/posts\/8905\/revisions\/8906"}],"wp:attachment":[{"href":"https:\/\/blogs.correiobraziliense.com.br\/vicente\/wp-json\/wp\/v2\/media?parent=8905"}],"wp:term":[{"taxonomy":"category","embeddable":true,"href":"https:\/\/blogs.correiobraziliense.com.br\/vicente\/wp-json\/wp\/v2\/categories?post=8905"},{"taxonomy":"post_tag","embeddable":true,"href":"https:\/\/blogs.correiobraziliense.com.br\/vicente\/wp-json\/wp\/v2\/tags?post=8905"}],"curies":[{"name":"wp","href":"https:\/\/api.w.org\/{rel}","templated":true}]}}