{"id":8894,"date":"2018-08-04T15:01:02","date_gmt":"2018-08-04T18:01:02","guid":{"rendered":"https:\/\/blogs.correiobraziliense.com.br\/vicente\/?p=8894"},"modified":"2018-08-04T15:27:06","modified_gmt":"2018-08-04T18:27:06","slug":"temer-se-reune-com-meirelles-para-definirem-rumos-da-campanha","status":"publish","type":"post","link":"https:\/\/blogs.correiobraziliense.com.br\/vicente\/temer-se-reune-com-meirelles-para-definirem-rumos-da-campanha\/","title":{"rendered":"Temer se re\u00fane com Meirelles para definirem rumos da campanha"},"content":{"rendered":"<h2>RODOLFO COSTA<\/h2>\n<h2><\/h2>\n<h2>O presidente Michel Temer convocou o candidato do MDB \u00e0 Presid\u00eancia da Rep\u00fablica, Henrique Meirelles, para uma reuni\u00e3o no Pal\u00e1cio do Jaburu na tarde deste s\u00e1bado (04\/08). A meta \u00e9 definirem, juntos, os rumos da campanha do emedebista, que enfrenta desconfian\u00e7a dentro do pr\u00f3prio partido.<\/h2>\n<p>&nbsp;<\/p>\n<p>Participam da conversa Germano Rigotto, escolhido como vice de Meirelles, e o presidente do MDB, Romero Juc\u00e1. Como o partido ficou sem grandes alian\u00e7as, a estrat\u00e9gia \u00e9 usar os palanques regionais mais fortes para que a candidatura do ex-ministro da Fazenda ganhe musculatura.<\/p>\n<p>&nbsp;<\/p>\n<p>Temer sabe que sua proximidade com Meirelles enfraquece o candidato. A rejei\u00e7\u00e3o ao presidente \u00e9 enorme. Contudo, o chefe do Executivo e o candidato acreditam que a for\u00e7a do partido, a grande estrutura e a capilaridade ser\u00e3o fundamentais para fazer o emedebista decolar.<\/p>\n<p>&nbsp;<\/p>\n<p>Pelas mais recentes pesquisas de inten\u00e7\u00e3o de votos, Meirelles oscila entre 1% e 2%. Ele tenta usar o fato de ter sido presidente do Banco Central nos dois mandatos de Lula para se tornar mais conhecido e atrair os votos dos mais pobres, que n\u00e3o o conhecem.<\/p>\n<p>&nbsp;<\/p>\n<p><em>Bras\u00edlia, 15h01min<\/em><\/p>\n","protected":false},"excerpt":{"rendered":"<p>RODOLFO COSTA O presidente Michel Temer convocou o candidato do MDB \u00e0 Presid\u00eancia da Rep\u00fablica, Henrique Meirelles, para uma reuni\u00e3o no Pal\u00e1cio do Jaburu na tarde deste s\u00e1bado (04\/08). A meta \u00e9 definirem, juntos, os rumos da campanha do emedebista, que enfrenta desconfian\u00e7a dentro do pr\u00f3prio partido. &nbsp; Participam da conversa Germano Rigotto, escolhido como [&hellip;]<\/p>\n","protected":false},"author":22,"featured_media":0,"comment_status":"open","ping_status":"closed","sticky":false,"template":"","format":"standard","meta":{"footnotes":""},"categories":[600],"tags":[845,3012,2432,125],"class_list":["post-8894","post","type-post","status-publish","format-standard","hentry","category-economia","tag-candidatura","tag-mdb","tag-meirelles","tag-temer"],"_links":{"self":[{"href":"https:\/\/blogs.correiobraziliense.com.br\/vicente\/wp-json\/wp\/v2\/posts\/8894","targetHints":{"allow":["GET"]}}],"collection":[{"href":"https:\/\/blogs.correiobraziliense.com.br\/vicente\/wp-json\/wp\/v2\/posts"}],"about":[{"href":"https:\/\/blogs.correiobraziliense.com.br\/vicente\/wp-json\/wp\/v2\/types\/post"}],"author":[{"embeddable":true,"href":"https:\/\/blogs.correiobraziliense.com.br\/vicente\/wp-json\/wp\/v2\/users\/22"}],"replies":[{"embeddable":true,"href":"https:\/\/blogs.correiobraziliense.com.br\/vicente\/wp-json\/wp\/v2\/comments?post=8894"}],"version-history":[{"count":1,"href":"https:\/\/blogs.correiobraziliense.com.br\/vicente\/wp-json\/wp\/v2\/posts\/8894\/revisions"}],"predecessor-version":[{"id":8895,"href":"https:\/\/blogs.correiobraziliense.com.br\/vicente\/wp-json\/wp\/v2\/posts\/8894\/revisions\/8895"}],"wp:attachment":[{"href":"https:\/\/blogs.correiobraziliense.com.br\/vicente\/wp-json\/wp\/v2\/media?parent=8894"}],"wp:term":[{"taxonomy":"category","embeddable":true,"href":"https:\/\/blogs.correiobraziliense.com.br\/vicente\/wp-json\/wp\/v2\/categories?post=8894"},{"taxonomy":"post_tag","embeddable":true,"href":"https:\/\/blogs.correiobraziliense.com.br\/vicente\/wp-json\/wp\/v2\/tags?post=8894"}],"curies":[{"name":"wp","href":"https:\/\/api.w.org\/{rel}","templated":true}]}}