{"id":8867,"date":"2018-08-02T18:24:38","date_gmt":"2018-08-02T21:24:38","guid":{"rendered":"https:\/\/blogs.correiobraziliense.com.br\/vicente\/?p=8867"},"modified":"2018-08-02T19:31:27","modified_gmt":"2018-08-02T22:31:27","slug":"discussao-sobre-aborto-esquenta-clima-na-procuradoria-da-republica","status":"publish","type":"post","link":"https:\/\/blogs.correiobraziliense.com.br\/vicente\/discussao-sobre-aborto-esquenta-clima-na-procuradoria-da-republica\/","title":{"rendered":"Discuss\u00e3o sobre aborto esquenta clima na Procuradoria da Rep\u00fablica"},"content":{"rendered":"<p>RENATO SOUZA<\/p>\n<p>&nbsp;<\/p>\n<p>O debate sobre aborto no Supremo Tribunal Federal (STF) fez esquentar o clima na Procuradoria-Geral da Rep\u00fablica. H\u00e1 mais de 15 dias, a procuradora-geral, Raquel Dodge, est\u00e1 escrevendo a manifesta\u00e7\u00e3o do Minist\u00e9rio P\u00fablico para a Argui\u00e7\u00e3o de Descumprimento de Preceito Fundamental (ADPF) n\u00ba 442, que trata da descriminaliza\u00e7\u00e3o do aborto at\u00e9 a 12\u00aa segunda semana de gest\u00e3o.<\/p>\n<p>&nbsp;<\/p>\n<p>A pe\u00e7a ainda n\u00e3o est\u00e1 pronta e aguarda assinatura de Dodge. Ela decidiu esperar a realiza\u00e7\u00e3o de audi\u00eancias p\u00fablicas, que v\u00e3o ocorrer no STF com setores da sociedade, envolvendo grupos de bio\u00e9tica, juristas, cientistas e representantes religiosos. A primeira audi\u00eancia ocorre nesta sexta-feira (03\/08).<\/p>\n<p>&nbsp;<\/p>\n<p>O debate est\u00e1 acalorado dentro da PGR. Alguns procuradores defendem que o assunto seja debatido no Poder Legislativo para retirar a press\u00e3o do Minist\u00e9rio P\u00fablico. Outra alega\u00e7\u00e3o \u00e9 que a pr\u00e1tica n\u00e3o tem previs\u00e3o Constitucional, o que retira atribui\u00e7\u00e3o do Judici\u00e1rio para resolver o assunto.<\/p>\n<p>&nbsp;<\/p>\n<p>No entanto, uma parcela mais garantista dos procuradores defende que o tema deve ser abordado pelo Supremo, pois enfrentaria uma enorme barreira pol\u00edtica para avan\u00e7ar na C\u00e2mara, diante da press\u00e3o de igrejas e l\u00edderes religiosos de todo o pa\u00eds.<\/p>\n<p>&nbsp;<\/p>\n<p>A pretens\u00e3o de Raquel Dodge \u00e9 apresentar a manifesta\u00e7\u00e3o do MP sobre o tema apenas no dia da audi\u00eancia da ADPF 442, no Supremo, para evitar pol\u00eamicas. A ministra C\u00e1rmen L\u00facia, que est\u00e1 no comando do Tribunal at\u00e9 setembro, ainda n\u00e3o decidiu pautar o tema. Mas pretende fazer isso antes de deixar o cargo e dar lugar ao sucessor, Dias\u00a0Toffoli.<\/p>\n<p>&nbsp;<\/p>\n<p>Bras\u00edlia,<\/p>\n","protected":false},"excerpt":{"rendered":"<p>RENATO SOUZA &nbsp; O debate sobre aborto no Supremo Tribunal Federal (STF) fez esquentar o clima na Procuradoria-Geral da Rep\u00fablica. H\u00e1 mais de 15 dias, a procuradora-geral, Raquel Dodge, est\u00e1 escrevendo a manifesta\u00e7\u00e3o do Minist\u00e9rio P\u00fablico para a Argui\u00e7\u00e3o de Descumprimento de Preceito Fundamental (ADPF) n\u00ba 442, que trata da descriminaliza\u00e7\u00e3o do aborto at\u00e9 a [&hellip;]<\/p>\n","protected":false},"author":22,"featured_media":0,"comment_status":"open","ping_status":"closed","sticky":false,"template":"","format":"standard","meta":{"footnotes":""},"categories":[600],"tags":[],"class_list":["post-8867","post","type-post","status-publish","format-standard","hentry","category-economia"],"_links":{"self":[{"href":"https:\/\/blogs.correiobraziliense.com.br\/vicente\/wp-json\/wp\/v2\/posts\/8867","targetHints":{"allow":["GET"]}}],"collection":[{"href":"https:\/\/blogs.correiobraziliense.com.br\/vicente\/wp-json\/wp\/v2\/posts"}],"about":[{"href":"https:\/\/blogs.correiobraziliense.com.br\/vicente\/wp-json\/wp\/v2\/types\/post"}],"author":[{"embeddable":true,"href":"https:\/\/blogs.correiobraziliense.com.br\/vicente\/wp-json\/wp\/v2\/users\/22"}],"replies":[{"embeddable":true,"href":"https:\/\/blogs.correiobraziliense.com.br\/vicente\/wp-json\/wp\/v2\/comments?post=8867"}],"version-history":[{"count":1,"href":"https:\/\/blogs.correiobraziliense.com.br\/vicente\/wp-json\/wp\/v2\/posts\/8867\/revisions"}],"predecessor-version":[{"id":8868,"href":"https:\/\/blogs.correiobraziliense.com.br\/vicente\/wp-json\/wp\/v2\/posts\/8867\/revisions\/8868"}],"wp:attachment":[{"href":"https:\/\/blogs.correiobraziliense.com.br\/vicente\/wp-json\/wp\/v2\/media?parent=8867"}],"wp:term":[{"taxonomy":"category","embeddable":true,"href":"https:\/\/blogs.correiobraziliense.com.br\/vicente\/wp-json\/wp\/v2\/categories?post=8867"},{"taxonomy":"post_tag","embeddable":true,"href":"https:\/\/blogs.correiobraziliense.com.br\/vicente\/wp-json\/wp\/v2\/tags?post=8867"}],"curies":[{"name":"wp","href":"https:\/\/api.w.org\/{rel}","templated":true}]}}