{"id":8865,"date":"2018-08-02T12:32:07","date_gmt":"2018-08-02T15:32:07","guid":{"rendered":"https:\/\/blogs.correiobraziliense.com.br\/vicente\/?p=8865"},"modified":"2018-08-02T12:32:07","modified_gmt":"2018-08-02T15:32:07","slug":"bc-alerta-para-risco-eleitoral-e-mercado-espera-alta-de-juros-em-2018","status":"publish","type":"post","link":"https:\/\/blogs.correiobraziliense.com.br\/vicente\/bc-alerta-para-risco-eleitoral-e-mercado-espera-alta-de-juros-em-2018\/","title":{"rendered":"BC alerta para risco eleitoral e mercado prev\u00ea alta de juros em 2018"},"content":{"rendered":"<p>POR ANTONIO TEM\u00d3TEO<\/p>\n<p>&nbsp;<\/p>\n<p>O risco de que um candidato sem compromisso com as reformas e os ajustes das contas p\u00fablicas seja eleito presidente da Rep\u00fablica entrou no radar do Banco Central (BC). Em comunicado divulgado ontem ap\u00f3s a reuni\u00e3o em que o Comit\u00ea de Pol\u00edtica Monet\u00e1ria (Copom) manteve a taxa b\u00e1sica de juros (Selic) em 6,5% ao ano, a autoridade monet\u00e1ria sinalizou que esse perigo est\u00e1 em um n\u00edvel \u201cmais elevado\u201d. Por conta disso, analistas apostam em alta da Selic ap\u00f3s as elei\u00e7\u00f5es de outubro.<\/p>\n<p>&nbsp;<br \/>\nPara os diretores do BC, desde o \u00faltimo encontro do Copom, aumentou o risco de que o processo de reequil\u00edbrio fiscal n\u00e3o tenha continuidade \u2014 o que pode afetar as expectativas do mercado financeiro para o crescimento, a infla\u00e7\u00e3o e a taxa de desemprego.<\/p>\n<p>\u201cO Comit\u00ea enfatiza que a continuidade do processo de reformas e ajustes necess\u00e1rios na economia brasileira \u00e9 essencial para a manuten\u00e7\u00e3o da infla\u00e7\u00e3o baixa no m\u00e9dio e longo prazos, para a queda da taxa de juros estrutural e para a recupera\u00e7\u00e3o sustent\u00e1vel da economia. O Comit\u00ea ressalta ainda que a percep\u00e7\u00e3o de continuidade da agenda de reformas afeta as expectativas e proje\u00e7\u00f5es macroecon\u00f4micas correntes\u201d, diz o comunicado.<\/p>\n<p>Apesar do alerta, o Copom manteve as proje\u00e7\u00f5es de que a infla\u00e7\u00e3o ser\u00e1 de 4,2% em 2018 e de 4,1% em 2019. O cen\u00e1rio leva em conta taxa de c\u00e2mbio de R$ 3,75. O \u00f3rg\u00e3o destacou que os efeitos da greve dos caminhoneiros foram passageiros, mas continuar\u00e3o sob monitoramento. \u201cO Comit\u00ea considera que os efeitos dos choques recentes sobre a infla\u00e7\u00e3o est\u00e3o se revelando tempor\u00e1rios, mas \u00e9 importante acompanhar o cen\u00e1rio b\u00e1sico e seus riscos e avaliar o poss\u00edvel impacto mais perene de choques sobre a infla\u00e7\u00e3o\u201d, diz a nota.<\/p>\n<p>Na avalia\u00e7\u00e3o do economista-chefe do banco UBS no Brasil, Tony Volpon, embora os choques recentes com a greve dos caminhoneiros e a alta do d\u00f3lar n\u00e3o tenham sido fortes o suficiente para tirar o BC da zona de conforto, o processo eleitoral pressionar\u00e1 o valor da moeda estrangeira, as expectativas de infla\u00e7\u00e3o e os pr\u00eamios de risco. Para Volpon, isso for\u00e7ar\u00e1 a autoridade monet\u00e1ria a ajustar a Selic at\u00e9 fim do ano. \u201cEsperamos aumento de 0,5 ponto percentual na taxa ap\u00f3s as elei\u00e7\u00f5es de outubro, e Selic de 7,50% at\u00e9 o fim do ano\u201d, afirmou.<br \/>\nO economista-chefe do Banco Fibra, Cristiano Oliveira, n\u00e3o descarta alta de juros ainda em 2018. Mas, para ele, isso ocorreria somente em meio a uma deprecia\u00e7\u00e3o cambial ou outro choque que afete as expectativas de infla\u00e7\u00e3o. \u201cNote-se que um \u2018choque\u2019 poss\u00edvel seria derivado da falta de credibilidade de um futuro banqueiro central de um eventual candidato que n\u00e3o seja plenamente comprometido com o arcabou\u00e7o regime de metas\u201d, disse.<\/p>\n","protected":false},"excerpt":{"rendered":"<p>POR ANTONIO TEM\u00d3TEO &nbsp; O risco de que um candidato sem compromisso com as reformas e os ajustes das contas p\u00fablicas seja eleito presidente da Rep\u00fablica entrou no radar do Banco Central (BC). Em comunicado divulgado ontem ap\u00f3s a reuni\u00e3o em que o Comit\u00ea de Pol\u00edtica Monet\u00e1ria (Copom) manteve a taxa b\u00e1sica de juros (Selic) [&hellip;]<\/p>\n","protected":false},"author":22,"featured_media":0,"comment_status":"open","ping_status":"closed","sticky":false,"template":"","format":"standard","meta":{"footnotes":""},"categories":[600],"tags":[3567,3,665,4,666,34],"class_list":["post-8865","post","type-post","status-publish","format-standard","hentry","category-economia","tag-ajustes","tag-banco-central","tag-eleicoes","tag-juros","tag-reformas","tag-selic"],"_links":{"self":[{"href":"https:\/\/blogs.correiobraziliense.com.br\/vicente\/wp-json\/wp\/v2\/posts\/8865","targetHints":{"allow":["GET"]}}],"collection":[{"href":"https:\/\/blogs.correiobraziliense.com.br\/vicente\/wp-json\/wp\/v2\/posts"}],"about":[{"href":"https:\/\/blogs.correiobraziliense.com.br\/vicente\/wp-json\/wp\/v2\/types\/post"}],"author":[{"embeddable":true,"href":"https:\/\/blogs.correiobraziliense.com.br\/vicente\/wp-json\/wp\/v2\/users\/22"}],"replies":[{"embeddable":true,"href":"https:\/\/blogs.correiobraziliense.com.br\/vicente\/wp-json\/wp\/v2\/comments?post=8865"}],"version-history":[{"count":1,"href":"https:\/\/blogs.correiobraziliense.com.br\/vicente\/wp-json\/wp\/v2\/posts\/8865\/revisions"}],"predecessor-version":[{"id":8866,"href":"https:\/\/blogs.correiobraziliense.com.br\/vicente\/wp-json\/wp\/v2\/posts\/8865\/revisions\/8866"}],"wp:attachment":[{"href":"https:\/\/blogs.correiobraziliense.com.br\/vicente\/wp-json\/wp\/v2\/media?parent=8865"}],"wp:term":[{"taxonomy":"category","embeddable":true,"href":"https:\/\/blogs.correiobraziliense.com.br\/vicente\/wp-json\/wp\/v2\/categories?post=8865"},{"taxonomy":"post_tag","embeddable":true,"href":"https:\/\/blogs.correiobraziliense.com.br\/vicente\/wp-json\/wp\/v2\/tags?post=8865"}],"curies":[{"name":"wp","href":"https:\/\/api.w.org\/{rel}","templated":true}]}}