{"id":8847,"date":"2018-07-31T18:25:33","date_gmt":"2018-07-31T21:25:33","guid":{"rendered":"https:\/\/blogs.correiobraziliense.com.br\/vicente\/?p=8847"},"modified":"2018-07-31T19:00:12","modified_gmt":"2018-07-31T22:00:12","slug":"governo-aumenta-para-r-15-milhao-o-teto-para-compra-de-imovel-usando-fgts","status":"publish","type":"post","link":"https:\/\/blogs.correiobraziliense.com.br\/vicente\/governo-aumenta-para-r-15-milhao-o-teto-para-compra-de-imovel-usando-fgts\/","title":{"rendered":"Governo aumenta para R$ 1,5 milh\u00e3o o teto para compra de im\u00f3vel usando FGTS"},"content":{"rendered":"<h2>Na tentativa de dar um g\u00e1s na economia neste fim de mandato do presidente Michel Temer, o Conselho Monet\u00e1rio Nacional (CMN) aumentou para R$ 1,5 milh\u00e3o o teto para a compra de im\u00f3veis usando recursos do Fundo de Garantia do Tempo de Servi\u00e7o (FGTS). Ser\u00e3o beneficiados, sobretudo, trabalhadores de Bras\u00edlia, Rio de Janeiro e S\u00e3o Paulo, onde os pre\u00e7os dos im\u00f3veis s\u00e3o mais altos.<\/h2>\n<p>&nbsp;<\/p>\n<p>No total, as medidas de incentivo para o mercado imobili\u00e1rio somam R$ 80 bilh\u00f5es. O governo acredita que a constru\u00e7\u00e3o civil tem forte impacto na economia. \u00c9 o setor que emprega mais trabalhadores sem grande forma\u00e7\u00e3o. Indicadores mostram que, por causa da recess\u00e3o, a constru\u00e7\u00e3o civil voltou aos n\u00edveis de 2009.<\/p>\n<p>&nbsp;<\/p>\n<p>Se as medidas surtirem efeito, o governo acredita que a constru\u00e7\u00e3o civil poder\u00e1 dar uma turbinada no Produto Interno Bruto (PIB) e no emprego. A meta \u00e9 que, como o novo limite de financiamento, as construtoras possam desovar estoques de im\u00f3veis mais caros que est\u00e3o encalhados e se animem a fazer lan\u00e7amentos, retomando obras.<\/p>\n<p>&nbsp;<\/p>\n<p>No pacote de medidas, o governo manteve em 65% o montante dos dep\u00f3sitos em caderneta de poupan\u00e7a que os bancos s\u00e3o obrigados a direcionar para o mercado imobili\u00e1rio, contudo, deixou de fixar que 80% desses recursos se destinem a opera\u00e7\u00f5es contratadas por meio do Sistema Financeiro da Habita\u00e7\u00e3o (SFH). Segundo o Banco Central, essa altera\u00e7\u00e3o incentivar\u00e1 o financiamento de im\u00f3veis de menor valor.<\/p>\n<p>&nbsp;<\/p>\n<p>Dados do mercado mostram que o sistema imobili\u00e1rio est\u00e1 travado. H\u00e1 dinheiro para financiamentos no caixa dos bancos, mas s\u00e3o poucos os tomadores. N\u00e3o sem raz\u00e3o. Os consumidores est\u00e3o receosos em se endividarem por prazos muito longos temendo o que pode acontecer a partir de 2019, quando tomar\u00e1 posse o futuro presidente da Rep\u00fablica. Al\u00e9m disso, o desemprego est\u00e1 muito alto.<\/p>\n<p>&nbsp;<\/p>\n<p>Os poss\u00edveis tomadores de empr\u00e9stimos para comprar a casa pr\u00f3pria tamb\u00e9m reclamam das taxas de juros cobradas pelos bancos. Apesar de a taxa b\u00e1sica (Selic) ter ca\u00eddo, esse movimento n\u00e3o foi totalmente repassado para o cr\u00e9dito imobili\u00e1rio.<\/p>\n<p>&nbsp;<\/p>\n<p><em>Bras\u00edlia, 18h25min<\/em><\/p>\n","protected":false},"excerpt":{"rendered":"<p>Na tentativa de dar um g\u00e1s na economia neste fim de mandato do presidente Michel Temer, o Conselho Monet\u00e1rio Nacional (CMN) aumentou para R$ 1,5 milh\u00e3o o teto para a compra de im\u00f3veis usando recursos do Fundo de Garantia do Tempo de Servi\u00e7o (FGTS). Ser\u00e3o beneficiados, sobretudo, trabalhadores de Bras\u00edlia, Rio de Janeiro e S\u00e3o [&hellip;]<\/p>\n","protected":false},"author":22,"featured_media":0,"comment_status":"open","ping_status":"closed","sticky":false,"template":"","format":"standard","meta":{"footnotes":""},"categories":[600],"tags":[1339,1176,507,3007,2368,1127,2438],"class_list":["post-8847","post","type-post","status-publish","format-standard","hentry","category-economia","tag-5-milhao","tag-casa-propria","tag-fgts","tag-financiamentos","tag-limite","tag-r-1","tag-teto"],"_links":{"self":[{"href":"https:\/\/blogs.correiobraziliense.com.br\/vicente\/wp-json\/wp\/v2\/posts\/8847","targetHints":{"allow":["GET"]}}],"collection":[{"href":"https:\/\/blogs.correiobraziliense.com.br\/vicente\/wp-json\/wp\/v2\/posts"}],"about":[{"href":"https:\/\/blogs.correiobraziliense.com.br\/vicente\/wp-json\/wp\/v2\/types\/post"}],"author":[{"embeddable":true,"href":"https:\/\/blogs.correiobraziliense.com.br\/vicente\/wp-json\/wp\/v2\/users\/22"}],"replies":[{"embeddable":true,"href":"https:\/\/blogs.correiobraziliense.com.br\/vicente\/wp-json\/wp\/v2\/comments?post=8847"}],"version-history":[{"count":12,"href":"https:\/\/blogs.correiobraziliense.com.br\/vicente\/wp-json\/wp\/v2\/posts\/8847\/revisions"}],"predecessor-version":[{"id":8859,"href":"https:\/\/blogs.correiobraziliense.com.br\/vicente\/wp-json\/wp\/v2\/posts\/8847\/revisions\/8859"}],"wp:attachment":[{"href":"https:\/\/blogs.correiobraziliense.com.br\/vicente\/wp-json\/wp\/v2\/media?parent=8847"}],"wp:term":[{"taxonomy":"category","embeddable":true,"href":"https:\/\/blogs.correiobraziliense.com.br\/vicente\/wp-json\/wp\/v2\/categories?post=8847"},{"taxonomy":"post_tag","embeddable":true,"href":"https:\/\/blogs.correiobraziliense.com.br\/vicente\/wp-json\/wp\/v2\/tags?post=8847"}],"curies":[{"name":"wp","href":"https:\/\/api.w.org\/{rel}","templated":true}]}}