{"id":8842,"date":"2018-07-31T15:10:18","date_gmt":"2018-07-31T18:10:18","guid":{"rendered":"https:\/\/blogs.correiobraziliense.com.br\/vicente\/?p=8842"},"modified":"2018-07-31T16:53:55","modified_gmt":"2018-07-31T19:53:55","slug":"proximo-presidente-estara-ameacado-pelo-impeachment-em-todo-o-mandato","status":"publish","type":"post","link":"https:\/\/blogs.correiobraziliense.com.br\/vicente\/proximo-presidente-estara-ameacado-pelo-impeachment-em-todo-o-mandato\/","title":{"rendered":"Pr\u00f3ximo presidente estar\u00e1 amea\u00e7ado pelo impeachment em todo o mandato"},"content":{"rendered":"<h2>A deteriora\u00e7\u00e3o das contas p\u00fablicas \u00e9 t\u00e3o grande que o pr\u00f3ximo presidente da Rep\u00fablica estar\u00e1 amea\u00e7ado de impeachment durante todo o mandato. Ser\u00e1 necess\u00e1rio um esfor\u00e7o gigantesco para n\u00e3o descumprir a Lei de Responsabilidade Fiscal (LRF), que serviu como base para a deposi\u00e7\u00e3o de Dilma Rousseff.<\/h2>\n<p>&nbsp;<\/p>\n<p><a href=\"https:\/\/www.youtube.com\/watch?v=LgW6vYQDd34\">https:\/\/www.youtube.com\/watch?v=LgW6vYQDd34<\/a><\/p>\n<p>&nbsp;<\/p>\n<p>Segundo o economista Gabriel Leal de Barros, diretor do Instituto Fiscal Independente (IFI), sem um amplo corte de gastos e reformas profundas na Previd\u00eancia Social, as contas n\u00e3o fechar\u00e3o a partir de 2019. Em entrevista ao programa <strong>CB.Poder<\/strong>, uma parceria entre o <strong>Correio<\/strong> e a <em>Tev\u00ea Bras\u00edlia<\/em>, ele diz que somente para a d\u00edvida p\u00fablica parar de crescer, o governo ter\u00e1 de economizar o equivalente a 4% do Produto Interno Bruto (PIB) por ano, ou seja, mais de R$ 300 bilh\u00f5es.<\/p>\n<p>&nbsp;<\/p>\n<p><a href=\"https:\/\/www.youtube.com\/watch?v=Xr6Bz3-dvWo\">https:\/\/www.youtube.com\/watch?v=Xr6Bz3-dvWo<\/a><\/p>\n<p>&nbsp;<\/p>\n<p>Na avalia\u00e7\u00e3o de Barros, o governo se descuidou demais das contas p\u00fablicas, criando gastos desnecess\u00e1rios e abrindo m\u00e3o de receitas importantes por meio das ren\u00fancias fiscais. Ele diz que, nos \u00faltimos 20 anos, as despesas p\u00fablicas aumentaram, na m\u00e9dia, 6% ao ano acima da infla\u00e7\u00e3o, mais do que o dobro do crescimento m\u00e9dio do PIB no per\u00edodo, de 2,4%.<\/p>\n<p>&nbsp;<\/p>\n<p>O economista ressalta que o governo escamoteia a real situa\u00e7\u00e3o das contas p\u00fablicas e descumpre, sistematicamente, a legisla\u00e7\u00e3o, ao interpretar as regras de acordo com a sua conveni\u00eancia. Ele afirma que h\u00e1 11 dispositivos para manter as contas p\u00fablicas sob controle, mas nenhum deles, efetivamente, \u00e9 cumprido.<\/p>\n<p>&nbsp;<\/p>\n<p>No entender dele, a regra de ouro, que impede o governo de fazer d\u00edvidas para cobrir sal\u00e1rios de servidores, aposentadorias e pens\u00f5es, vem sendo descumprida desde de 2005, mas nunca ningu\u00e9m falou nada porque, at\u00e9 2013, o pa\u00eds registrava superavit prim\u00e1rio (receitas maiores do que gastos). De 2014 em diante, por\u00e9m, quando o Brasil mergulhou em deficits consecutivos, o descumprimento da regra de ouro passou a ser uma amea\u00e7a concreta.<\/p>\n<p>&nbsp;<\/p>\n<p>Pelos c\u00e1lculos de Barros, o rombo efetivo das contas p\u00fablicas chega a 7% do PIB, puxado pelos gastos com a Previd\u00eancia Social e pela folha do funcionalismo, que, juntos, consomem 65% de todo o dinheiro que entra nos cofres p\u00fablicos. Por causa disso, a d\u00edvida p\u00fablica j\u00e1 encosta nos 80% do PIB. O Brasil, por sinal, est\u00e1 entre os tr\u00eas pa\u00edses emergentes com a maior rela\u00e7\u00e3o entre a d\u00edvida e o PIB. A lista inclui mais de 40 na\u00e7\u00f5es.<\/p>\n<p>&nbsp;<\/p>\n<p><em>Bras\u00edlia, 15h10min<\/em><\/p>\n","protected":false},"excerpt":{"rendered":"<p>A deteriora\u00e7\u00e3o das contas p\u00fablicas \u00e9 t\u00e3o grande que o pr\u00f3ximo presidente da Rep\u00fablica estar\u00e1 amea\u00e7ado de impeachment durante todo o mandato. Ser\u00e1 necess\u00e1rio um esfor\u00e7o gigantesco para n\u00e3o descumprir a Lei de Responsabilidade Fiscal (LRF), que serviu como base para a deposi\u00e7\u00e3o de Dilma Rousseff. &nbsp; &nbsp; Segundo o economista Gabriel Leal de Barros, [&hellip;]<\/p>\n","protected":false},"author":22,"featured_media":0,"comment_status":"open","ping_status":"closed","sticky":false,"template":"","format":"standard","meta":{"footnotes":""},"categories":[600],"tags":[2709,542,3565,3566,62,2652],"class_list":["post-8842","post","type-post","status-publish","format-standard","hentry","category-economia","tag-cb-poder","tag-contas-publicas","tag-gabriel-leal-de-barros","tag-ifi","tag-impeachment","tag-presidente"],"_links":{"self":[{"href":"https:\/\/blogs.correiobraziliense.com.br\/vicente\/wp-json\/wp\/v2\/posts\/8842","targetHints":{"allow":["GET"]}}],"collection":[{"href":"https:\/\/blogs.correiobraziliense.com.br\/vicente\/wp-json\/wp\/v2\/posts"}],"about":[{"href":"https:\/\/blogs.correiobraziliense.com.br\/vicente\/wp-json\/wp\/v2\/types\/post"}],"author":[{"embeddable":true,"href":"https:\/\/blogs.correiobraziliense.com.br\/vicente\/wp-json\/wp\/v2\/users\/22"}],"replies":[{"embeddable":true,"href":"https:\/\/blogs.correiobraziliense.com.br\/vicente\/wp-json\/wp\/v2\/comments?post=8842"}],"version-history":[{"count":1,"href":"https:\/\/blogs.correiobraziliense.com.br\/vicente\/wp-json\/wp\/v2\/posts\/8842\/revisions"}],"predecessor-version":[{"id":8844,"href":"https:\/\/blogs.correiobraziliense.com.br\/vicente\/wp-json\/wp\/v2\/posts\/8842\/revisions\/8844"}],"wp:attachment":[{"href":"https:\/\/blogs.correiobraziliense.com.br\/vicente\/wp-json\/wp\/v2\/media?parent=8842"}],"wp:term":[{"taxonomy":"category","embeddable":true,"href":"https:\/\/blogs.correiobraziliense.com.br\/vicente\/wp-json\/wp\/v2\/categories?post=8842"},{"taxonomy":"post_tag","embeddable":true,"href":"https:\/\/blogs.correiobraziliense.com.br\/vicente\/wp-json\/wp\/v2\/tags?post=8842"}],"curies":[{"name":"wp","href":"https:\/\/api.w.org\/{rel}","templated":true}]}}