{"id":8817,"date":"2018-07-28T16:06:35","date_gmt":"2018-07-28T19:06:35","guid":{"rendered":"https:\/\/blogs.correiobraziliense.com.br\/vicente\/?p=8817"},"modified":"2018-07-28T21:14:14","modified_gmt":"2018-07-29T00:14:14","slug":"para-o-brasil-voltar-ter-futuro-escreve-lula-em-artigo-no-correio","status":"publish","type":"post","link":"https:\/\/blogs.correiobraziliense.com.br\/vicente\/para-o-brasil-voltar-ter-futuro-escreve-lula-em-artigo-no-correio\/","title":{"rendered":"&#8220;Para o Brasil voltar a ter futuro&#8221;, escreve Lula em artigo no Correio"},"content":{"rendered":"<h2>LUIZ IN\u00c1CIO LULA DA SILVA, ex-presidente do Brasil<\/h2>\n<h2><\/h2>\n<h2>O governo Michel Temer, nascido de um golpe parlamentar, \u00e9 amea\u00e7a crescente \u00e0 soberania nacional. As for\u00e7as pol\u00edticas e econ\u00f4micas que o sustentam, atreladas a interesses estrangeiros, romperam com a Constitui\u00e7\u00e3o e a democracia para impor uma agenda que dilapida as riquezas brasileiras, desagrega o Estado e interrompe a integra\u00e7\u00e3o latino-americana.<\/h2>\n<p>A descoberta das reservas do pr\u00e9-sal despertou intensos movimentos geopol\u00edticos, incluindo opera\u00e7\u00f5es de espionagem e sabotagem, cujo objetivo primordial \u00e9 disputar o controle dessa imensa fonte de desenvolvimento. Como de h\u00e1bito em nossa hist\u00f3ria, parte expressiva de nossas elites se associou a esses interesses esp\u00farios. Colocou-se em funcionamento, ent\u00e3o, uma estrat\u00e9gia de desestabiliza\u00e7\u00e3o da ordem constitucional.<\/p>\n<p>Derrotado em quatro elei\u00e7\u00f5es presidenciais seguidas, o bloco conservador tinha claro que eram m\u00ednimas as chances de seu programa antipatri\u00f3tico e antipopular ser legitimado pelo voto. Para que a soberania nacional pudesse ser apequenada, antes era preciso apequenar a democracia.<\/p>\n<p>N\u00e3o se tratava somente de derrubar uma presidenta leg\u00edtima e impor um governo fantoche. Tornava-se indispens\u00e1vel manipular o sistema de justi\u00e7a para criminalizar o Partido dos Trabalhadores, criando severos obst\u00e1culos para sua participa\u00e7\u00e3o pol\u00edtica e at\u00e9 mesmo a interditando, por meio de senten\u00e7as injustas e medidas impugnat\u00f3rias.\u00a0Para que a na\u00e7\u00e3o se ajoelhasse, a democracia tinha que ser marcada para morrer. O que temos hoje \u00e9 um regime de exce\u00e7\u00e3o cada vez mais agressivo.<\/p>\n<p>Minha pris\u00e3o e a persegui\u00e7\u00e3o da qual sou alvo fazem parte desse processo de submiss\u00e3o nacional. N\u00e3o basta que eu esteja preso por crimes que jamais cometi. Querem tamb\u00e9m me excluir da disputa eleitoral e calar minha voz, tentando intimidar e silenciar o povo brasileiro enquanto seu patrim\u00f4nio \u00e9 espoliado a c\u00e9u aberto.<\/p>\n<p>O governo Temer e seus apoiadores dedicam-se \u00e0 destrui\u00e7\u00e3o de conquistas hist\u00f3ricas do desenvolvimento de nosso pa\u00eds.\u00a0Atacaram o regime de partilha do pr\u00e9-sal, enfraquecendo a Petrobras e anulando a pol\u00edtica de conte\u00fado nacional que gerava empregos no Brasil, e tratando de conceder a empresas estrangeiras, na bacia das almas, pr\u00f3speros campos de petr\u00f3leo e refinarias que constituem nosso passaporte para o futuro.<\/p>\n<p>Esse verdadeiro crime de lesa-p\u00e1tria foi refor\u00e7ado com a recente aprova\u00e7\u00e3o pela C\u00e2mara dos Deputados de lei que autoriza a transfer\u00eancia, pela Petrobras a petroleiras privadas, de 70% dos direitos de explora\u00e7\u00e3o da estatal em \u00e1reas do pr\u00e9-sal.<\/p>\n<p>A venda do controle da Embraer \u00e0 norte-americana Boeing comp\u00f5e essa mesma pol\u00edtica entreguista, abdicando de uma das \u00e1reas mais avan\u00e7adas de nossa ind\u00fastria e de um dos pilares de nossa estrat\u00e9gia de defesa, ao renunciar \u00e0 perspectiva de soberania da produ\u00e7\u00e3o aeron\u00e1utica.<br \/>\nA privatiza\u00e7\u00e3o da Eletrobr\u00e1s \u00e9 outro grave exemplo da pol\u00edtica de destrui\u00e7\u00e3o nacional. Esquartejada e dilapidada, se levado a cabo o plano do bloco governista liderado pelo PMDB e pelo PSDB, essa hist\u00f3rica empresa ser\u00e1 transformada em pasto para a gan\u00e2ncia privada, ao mesmo tempo em que o poder p\u00fablico perder\u00e1 sua mais importante ferramenta de gera\u00e7\u00e3o e distribui\u00e7\u00e3o de energia el\u00e9trica.<\/p>\n<p>Outros ataques organizados contra o pa\u00eds pelos grupos que tomaram de assalto o governo s\u00e3o a libera\u00e7\u00e3o da venda de terras a estrangeiros e o financiamento a multinacionais com cr\u00e9ditos de bancos p\u00fablicos.<\/p>\n<p>Trata-se de desmontar as bases do desenvolvimento nacional, estabelecidas ou resgatadas durante meu governo e o da presidenta Dilma Rousseff. Tudo fazem para reverter as estruturas fundamentais da independ\u00eancia e da soberania, abrindo portas para um neocolonialismo que multiplica a riqueza de poucos daqui e de fora, destinando apenas sofrimento \u00e0 classe trabalhadora, aos pobres da cidade e do campo, aos homens e mulheres do nosso povo.<\/p>\n<p>Fazem parte dessa alian\u00e7a antinacional tamb\u00e9m setores da Pol\u00edcia Federal, do Minist\u00e9rio P\u00fablico e do Poder Judici\u00e1rio. Mais cedo ou mais tarde saberemos quais os caminhos que levaram alguns funcion\u00e1rios do estado a participar ativamente da desorganiza\u00e7\u00e3o da ind\u00fastria petroleira, de infraestrutura e energia nuclear, provocando quebradeira e desemprego em setores t\u00e3o estrat\u00e9gicos para o pa\u00eds.<\/p>\n<p>Sob o pretexto da luta contra a corrup\u00e7\u00e3o, d\u00e1-se aos ricos um jeito de se safarem com dela\u00e7\u00f5es premiadas, mantendo suas fortunas, enquanto empresas s\u00e3o estra\u00e7alhadas pelo sistema de justi\u00e7a, liquidando seu capital financeiro tecnol\u00f3gico e humano, abrindo espa\u00e7o em nossas fronteiras, e al\u00e9m delas, para os conglomerados estrangeiros.<br \/>\nA pol\u00edtica externa do golpismo igualmente se dobrou \u00e0 subservi\u00eancia. P\u00f4s-se fim \u00e0 diplomacia que pratic\u00e1vamos, altiva e ativa, t\u00e3o brilhantemente sintetizada pelo m\u00fasico e escritor Chico Buarque de Holanda, quando afirmou que o governo petista \u201cn\u00e3o falava fino com os Estados Unidos nem grosso com a Bol\u00edvia\u201d.<\/p>\n<p>O Itamaraty, comandado pelos tucanos, passou a funcionar como anexo do Departamento de Estado, a chancelaria norte-americana, abandonando os principais programas e institui\u00e7\u00f5es da integra\u00e7\u00e3o latino-americana, rasgando nossa tradi\u00e7\u00e3o na defesa do direito dos povos \u00e0 autodetermina\u00e7\u00e3o e ridicularizando o Brasil como ator internacional.<\/p>\n<p>O golpe, na \u00e1rea mundial, s\u00f3 trouxe vergonha e desonra aos brasileiros, submetidos ao vexame de um governo que se comporta como ref\u00fagio para ambi\u00e7\u00f5es de outros pa\u00edses.<br \/>\nEsse cen\u00e1rio dram\u00e1tico e perigoso \u00e9 um dos fatores que me levaram a reapresentar meu nome \u00e0 Presid\u00eancia da Rep\u00fablica<br \/>\nTenho a obriga\u00e7\u00e3o hist\u00f3rica, n\u00e3o importam as condi\u00e7\u00f5es pessoais nas quais me encontro, de conduzir nosso pa\u00eds ao reencontro com a democracia e a soberania, com o claro compromisso de revogar \u2013 por meio de referendo popular \u2013 todas as medidas daninhas \u00e0 nossa independ\u00eancia.<\/p>\n<p>Quero voltar a ser presidente para que o Brasil retome seu protagonismo no cen\u00e1rio mundial e o respeito dos povos de todo o planeta, retornando ao empenho de erguer uma nova ordem internacional que seja democr\u00e1tica e multipolar, al\u00e7ada sobre o direito \u00e0 autodetermina\u00e7\u00e3o e a paz entre as na\u00e7\u00f5es.<\/p>\n<p>Combaterei com todas as minhas energias, at\u00e9 o \u00faltimo dos meus dias, nessas elei\u00e7\u00f5es que se avizinham e em todas as pr\u00f3ximas batalhas, para derrotar os entreguistas que solaparam nossa ordem constitucional e soberana.<\/p>\n<p>&nbsp;<\/p>\n<p><i>Bras\u00edlia, 16h06min<\/i><\/p>\n<p>&nbsp;<\/p>\n","protected":false},"excerpt":{"rendered":"<p>LUIZ IN\u00c1CIO LULA DA SILVA, ex-presidente do Brasil O governo Michel Temer, nascido de um golpe parlamentar, \u00e9 amea\u00e7a crescente \u00e0 soberania nacional. As for\u00e7as pol\u00edticas e econ\u00f4micas que o sustentam, atreladas a interesses estrangeiros, romperam com a Constitui\u00e7\u00e3o e a democracia para impor uma agenda que dilapida as riquezas brasileiras, desagrega o Estado e [&hellip;]<\/p>\n","protected":false},"author":22,"featured_media":0,"comment_status":"open","ping_status":"closed","sticky":false,"template":"","format":"standard","meta":{"footnotes":""},"categories":[600],"tags":[],"class_list":["post-8817","post","type-post","status-publish","format-standard","hentry","category-economia"],"_links":{"self":[{"href":"https:\/\/blogs.correiobraziliense.com.br\/vicente\/wp-json\/wp\/v2\/posts\/8817","targetHints":{"allow":["GET"]}}],"collection":[{"href":"https:\/\/blogs.correiobraziliense.com.br\/vicente\/wp-json\/wp\/v2\/posts"}],"about":[{"href":"https:\/\/blogs.correiobraziliense.com.br\/vicente\/wp-json\/wp\/v2\/types\/post"}],"author":[{"embeddable":true,"href":"https:\/\/blogs.correiobraziliense.com.br\/vicente\/wp-json\/wp\/v2\/users\/22"}],"replies":[{"embeddable":true,"href":"https:\/\/blogs.correiobraziliense.com.br\/vicente\/wp-json\/wp\/v2\/comments?post=8817"}],"version-history":[{"count":1,"href":"https:\/\/blogs.correiobraziliense.com.br\/vicente\/wp-json\/wp\/v2\/posts\/8817\/revisions"}],"predecessor-version":[{"id":8818,"href":"https:\/\/blogs.correiobraziliense.com.br\/vicente\/wp-json\/wp\/v2\/posts\/8817\/revisions\/8818"}],"wp:attachment":[{"href":"https:\/\/blogs.correiobraziliense.com.br\/vicente\/wp-json\/wp\/v2\/media?parent=8817"}],"wp:term":[{"taxonomy":"category","embeddable":true,"href":"https:\/\/blogs.correiobraziliense.com.br\/vicente\/wp-json\/wp\/v2\/categories?post=8817"},{"taxonomy":"post_tag","embeddable":true,"href":"https:\/\/blogs.correiobraziliense.com.br\/vicente\/wp-json\/wp\/v2\/tags?post=8817"}],"curies":[{"name":"wp","href":"https:\/\/api.w.org\/{rel}","templated":true}]}}