{"id":8815,"date":"2018-07-28T06:52:24","date_gmt":"2018-07-28T09:52:24","guid":{"rendered":"https:\/\/blogs.correiobraziliense.com.br\/vicente\/?p=8815"},"modified":"2018-07-28T21:00:07","modified_gmt":"2018-07-29T00:00:07","slug":"correio-economico-hora-da-razao-nas-eleicoes","status":"publish","type":"post","link":"https:\/\/blogs.correiobraziliense.com.br\/vicente\/correio-economico-hora-da-razao-nas-eleicoes\/","title":{"rendered":"Correio Econ\u00f4mico: A hora da raz\u00e3o nas elei\u00e7\u00f5es"},"content":{"rendered":"<h2>Estamos entrando na reta final das conven\u00e7\u00f5es partid\u00e1rias que v\u00e3o definir os candidatos que, em outubro, disputar\u00e3o a Presid\u00eancia da Rep\u00fablica. \u00c9 poss\u00edvel que, at\u00e9 15 de agosto, prazo final para o registro das candidaturas, alguns dos escolhidos fiquem pelo meio do caminho por causa de alian\u00e7as oportunistas. O certo \u00e9 que os brasileiros poder\u00e3o ter uma ideia mais clara daqueles que se apresentam para comandar o pa\u00eds a partir de janeiro de 2019. Diante da grave situa\u00e7\u00e3o do pa\u00eds, n\u00e3o haver\u00e1 espa\u00e7o para nenhum aventureiro. \u00c9 isso que os eleitores precisam deixar claro nas urnas.<\/h2>\n<p>&nbsp;<\/p>\n<p>O pr\u00f3ximo presidente j\u00e1 assumir\u00e1 com a amea\u00e7a do impeachment. N\u00e3o se trata de exagero. As contas p\u00fablicas est\u00e3o em frangalhos. O ajuste que Michel Temer prometeu fazer quando assumiu o governo ficou s\u00f3 na promessa. Apesar do aumento das receitas, o deficit p\u00fablico cresceu. Este ser\u00e1 o quinto ano das contas no vermelho. Na melhor das hip\u00f3teses, as finan\u00e7as federais s\u00f3 retornar\u00e3o ao azul em 2021 ou 2022. O eleito em outubro tomar\u00e1 posse com a responsabilidade de cortar pelo menos R$ 60 bilh\u00f5es dos gastos. Se n\u00e3o fizer isso, correr\u00e1 o risco de cometer crime fiscal.<\/p>\n<p>&nbsp;<\/p>\n<p>N\u00e3o \u00e0 toa, nomes descompromissados com reformas e moderniza\u00e7\u00e3o do Estado espantam os agentes econ\u00f4micos. A principal premissa para que o Brasil possa voltar aos trilhos \u00e9 o ajuste das contas p\u00fablicas. Se o futuro presidente n\u00e3o quiser aumentar impostos para tornar a tarefa mais f\u00e1cil \u2014 a carga tribut\u00e1ria do Brasil est\u00e1 entre as maiores do mundo \u2014, ter\u00e1, de imediato, que propor mudan\u00e7as constitucionais importantes, a come\u00e7ar pela Previd\u00eancia Social, cujo deficit \u00e9 explosivo. O desequil\u00edbrio fiscal est\u00e1 na raiz do baixo crescimento econ\u00f4mico e do desemprego nas alturas.<\/p>\n<p>&nbsp;<\/p>\n<p>Com as contas no vermelho, o Estado perdeu a capacidade de investir. O Brasil se transformou em um canteiro de obras paradas, de desperd\u00edcio do dinheiro p\u00fablico. Ante um governo inerte, a iniciativa privada se recusa a retirar da gaveta projetos importantes para impulsionar a produ\u00e7\u00e3o e o consumo. Nesse marasmo, o pa\u00eds est\u00e1 condenado a crescer pouco. Vamos adiando o futuro e agravando as mazelas que tanto atormentam a popula\u00e7\u00e3o. A sa\u00fade est\u00e1 o caos. Doen\u00e7as que estavam erradicadas retornaram com tudo e, pela primeira vez, desde 1990, a mortalidade infantil voltou a crescer. Na educa\u00e7\u00e3o, a evas\u00e3o escolar \u00e9 gritante. Fora das escolas, os jovens se tornaram presas f\u00e1ceis para o tr\u00e1fico, agravando a viol\u00eancia.<\/p>\n<p>&nbsp;<\/p>\n<p><b>Custo do fracasso<\/b><\/p>\n<p>&nbsp;<\/p>\n<p>At\u00e9 agora, os candidatados se limitaram a generalidades para tratar de temas relevantes, de grande interesse p\u00fablico. Contudo, confirmados, os postulantes ao Pal\u00e1cio do Planalto n\u00e3o poder\u00e3o mais fugir do debate. Ter\u00e3o de comprovar aos eleitores que s\u00e3o capazes de tirar o Brasil do atoleiro. Depois de uma das recess\u00f5es mais severas da hist\u00f3ria, entre 2014 e 2016, o pa\u00eds deu um suspiro de crescimento. Uma onda de euforia chegou a se instalar no governo e no mercado financeiro. Mas a realidade falou mais alto. O Brasil continua na UTI e somente uma pessoa capacitada e bem-intencionada poder\u00e1 cur\u00e1-lo.<\/p>\n<p>&nbsp;<\/p>\n<p>A partir da pr\u00f3xima semana, n\u00e3o haver\u00e1 mais espa\u00e7o para meias palavras. Aqueles que insistirem em acreditar que os eleitores s\u00e3o burros, que n\u00e3o t\u00eam discernimento para saber o que \u00e9 real e o que \u00e9 falsa promessa, v\u00e3o se dar mal. H\u00e1 hoje uma gama enorme de informa\u00e7\u00f5es para dar subst\u00e2ncia \u00e0s escolhas nas urnas. N\u00e3o por acaso, h\u00e1 tanto descontentamento na popula\u00e7\u00e3o, e as pesquisas eleitorais apontam os votos brancos e nulos como os vencedores. Est\u00e1 claro, tamb\u00e9m, que grandes alian\u00e7as, com bom tempo na tev\u00ea, n\u00e3o significam vit\u00f3ria certa. Ser\u00e1 preciso um amplo processo de convencimento.<\/p>\n<p>&nbsp;<\/p>\n<p>Vamos passar pela campanha eleitoral mais curta da hist\u00f3ria. N\u00e3o ser\u00e1 isso, por\u00e9m, que impedir\u00e1 os eleitores de usarem a raz\u00e3o para limar aventureiros e extremistas do processo de disputa. Dada a falta de perspectiva \u2014 a economia s\u00f3 superar\u00e1 os estragos da recess\u00e3o em 2020 \u2014, o pa\u00eds n\u00e3o poder\u00e1 errar. Ou damos um passo \u00e0 frente, ou perderemos o rumo. O desemprego vai aumentar, a disparidade entre ricos e pobres se aprofundar\u00e1 e o projeto de uma na\u00e7\u00e3o pr\u00f3spera e repleta de oportunidades ficar\u00e1 na promessa. Ningu\u00e9m merece esse Brasil fracassado.<\/p>\n<p>&nbsp;<\/p>\n<p><i>Bras\u00edlia, 06h52min<\/i><\/p>\n","protected":false},"excerpt":{"rendered":"<p>Estamos entrando na reta final das conven\u00e7\u00f5es partid\u00e1rias que v\u00e3o definir os candidatos que, em outubro, disputar\u00e3o a Presid\u00eancia da Rep\u00fablica. \u00c9 poss\u00edvel que, at\u00e9 15 de agosto, prazo final para o registro das candidaturas, alguns dos escolhidos fiquem pelo meio do caminho por causa de alian\u00e7as oportunistas. O certo \u00e9 que os brasileiros poder\u00e3o [&hellip;]<\/p>\n","protected":false},"author":22,"featured_media":0,"comment_status":"open","ping_status":"closed","sticky":false,"template":"","format":"standard","meta":{"footnotes":""},"categories":[600],"tags":[3563,3562,665,846],"class_list":["post-8815","post","type-post","status-publish","format-standard","hentry","category-economia","tag-candidaturas","tag-covencoes","tag-eleicoes","tag-presidencia-da-republica"],"_links":{"self":[{"href":"https:\/\/blogs.correiobraziliense.com.br\/vicente\/wp-json\/wp\/v2\/posts\/8815","targetHints":{"allow":["GET"]}}],"collection":[{"href":"https:\/\/blogs.correiobraziliense.com.br\/vicente\/wp-json\/wp\/v2\/posts"}],"about":[{"href":"https:\/\/blogs.correiobraziliense.com.br\/vicente\/wp-json\/wp\/v2\/types\/post"}],"author":[{"embeddable":true,"href":"https:\/\/blogs.correiobraziliense.com.br\/vicente\/wp-json\/wp\/v2\/users\/22"}],"replies":[{"embeddable":true,"href":"https:\/\/blogs.correiobraziliense.com.br\/vicente\/wp-json\/wp\/v2\/comments?post=8815"}],"version-history":[{"count":1,"href":"https:\/\/blogs.correiobraziliense.com.br\/vicente\/wp-json\/wp\/v2\/posts\/8815\/revisions"}],"predecessor-version":[{"id":8816,"href":"https:\/\/blogs.correiobraziliense.com.br\/vicente\/wp-json\/wp\/v2\/posts\/8815\/revisions\/8816"}],"wp:attachment":[{"href":"https:\/\/blogs.correiobraziliense.com.br\/vicente\/wp-json\/wp\/v2\/media?parent=8815"}],"wp:term":[{"taxonomy":"category","embeddable":true,"href":"https:\/\/blogs.correiobraziliense.com.br\/vicente\/wp-json\/wp\/v2\/categories?post=8815"},{"taxonomy":"post_tag","embeddable":true,"href":"https:\/\/blogs.correiobraziliense.com.br\/vicente\/wp-json\/wp\/v2\/tags?post=8815"}],"curies":[{"name":"wp","href":"https:\/\/api.w.org\/{rel}","templated":true}]}}