{"id":8806,"date":"2018-07-26T10:03:49","date_gmt":"2018-07-26T13:03:49","guid":{"rendered":"https:\/\/blogs.correiobraziliense.com.br\/vicente\/?p=8806"},"modified":"2018-07-26T11:27:48","modified_gmt":"2018-07-26T14:27:48","slug":"ilan-goldfajn-nao-ve-uma-possivel-eleicao-de-fernando-haddad-como-problema","status":"publish","type":"post","link":"https:\/\/blogs.correiobraziliense.com.br\/vicente\/ilan-goldfajn-nao-ve-uma-possivel-eleicao-de-fernando-haddad-como-problema\/","title":{"rendered":"Ilan Goldfajn n\u00e3o v\u00ea uma poss\u00edvel elei\u00e7\u00e3o de Fernando Haddad como problema"},"content":{"rendered":"<h2>O presidente do Banco Central, Ilan Goldfajn, n\u00e3o \u00e9 de comentar pol\u00edtica. Sempre que questionado sobre esse tema, desconversa. Mas, em recentes encontros com integrantes do mercado, deixou claro que n\u00e3o v\u00ea uma poss\u00edvel elei\u00e7\u00e3o de Fernando Haddad, do PT, para a Presid\u00eancia da Rep\u00fablica como um problema. Ao ser questionado como seria um segundo turno das elei\u00e7\u00f5es entre Jair Bolsonaro (PSL) e Haddad, disse que o mercado tenderia a apoiar Haddad. Ele seria menos radical do que o ex-capit\u00e3o do Ex\u00e9rcito e do que Ciro Gomes, do PDT.<\/h2>\n<p>&nbsp;<\/p>\n<p>O mercado, em sua maioria, teme a volta do PT ao poder. N\u00e3o por acaso, passou a se aproximar de Bolsonaro. Mas muitos analistas reconhecem que Haddad tem um perfil moderado e seria um \u00f3timo nome para substituir o ex-presidente Lula como cabe\u00e7a de chapa do PT. Lula insistir\u00e1 na candidatura at\u00e9 o prazo final previsto em lei. Ao ser declarado ficha-suja, indicar\u00e1 seu sucessor, muito provavelmente, o ex-prefeito de S\u00e3o Paulo. Haddad, inclusive, est\u00e1 com uma exposi\u00e7\u00e3o enorme na m\u00eddia nos \u00faltimos dias.<\/p>\n<p>&nbsp;<\/p>\n<p>O mercado reconhece as chances de Haddad ir para o segundo turno da disputa pela Presid\u00eancia da Rep\u00fablica. E, caso isso aconte\u00e7a, torce para que o petista assuma um discurso sem rancor, uma vez que as principais lideran\u00e7as do PT n\u00e3o escondem o desejo de voltarem ao Pal\u00e1cio do Planalto para se vigar &#8220;de todos&#8221; que fustigaram o partido.<\/p>\n<p>&nbsp;<\/p>\n<p>O mercado vai insistir no apoio a Geraldo Alckmin (PSDB), que, at\u00e9 o fechamento da alian\u00e7a com o Centr\u00e3o, era dado como carta fora do baralho. Agora, fortalecido politicamente, o tucano se tornou o objetivo de desejo dos donos do dinheiro. Tanto que, nos bastidores, muitos investidores v\u00eam trabalhando para a solidifica\u00e7\u00e3o das alian\u00e7as fechadas pelo PSDB como forma de enfrentar a extrema direita representada por Bolsonaro e a esquerda radical liderada pelo PT.<\/p>\n<p>&nbsp;<\/p>\n<p>&nbsp;<\/p>\n<p><em>Bras\u00edlia, 10h03min<\/em><\/p>\n","protected":false},"excerpt":{"rendered":"<p>O presidente do Banco Central, Ilan Goldfajn, n\u00e3o \u00e9 de comentar pol\u00edtica. Sempre que questionado sobre esse tema, desconversa. Mas, em recentes encontros com integrantes do mercado, deixou claro que n\u00e3o v\u00ea uma poss\u00edvel elei\u00e7\u00e3o de Fernando Haddad, do PT, para a Presid\u00eancia da Rep\u00fablica como um problema. Ao ser questionado como seria um segundo [&hellip;]<\/p>\n","protected":false},"author":22,"featured_media":0,"comment_status":"open","ping_status":"closed","sticky":false,"template":"","format":"standard","meta":{"footnotes":""},"categories":[600],"tags":[3014,665,3272,107,422],"class_list":["post-8806","post","type-post","status-publish","format-standard","hentry","category-economia","tag-alckmin","tag-eleicoes","tag-fernando-haddad","tag-ilan-goldfajn","tag-pt"],"_links":{"self":[{"href":"https:\/\/blogs.correiobraziliense.com.br\/vicente\/wp-json\/wp\/v2\/posts\/8806","targetHints":{"allow":["GET"]}}],"collection":[{"href":"https:\/\/blogs.correiobraziliense.com.br\/vicente\/wp-json\/wp\/v2\/posts"}],"about":[{"href":"https:\/\/blogs.correiobraziliense.com.br\/vicente\/wp-json\/wp\/v2\/types\/post"}],"author":[{"embeddable":true,"href":"https:\/\/blogs.correiobraziliense.com.br\/vicente\/wp-json\/wp\/v2\/users\/22"}],"replies":[{"embeddable":true,"href":"https:\/\/blogs.correiobraziliense.com.br\/vicente\/wp-json\/wp\/v2\/comments?post=8806"}],"version-history":[{"count":1,"href":"https:\/\/blogs.correiobraziliense.com.br\/vicente\/wp-json\/wp\/v2\/posts\/8806\/revisions"}],"predecessor-version":[{"id":8807,"href":"https:\/\/blogs.correiobraziliense.com.br\/vicente\/wp-json\/wp\/v2\/posts\/8806\/revisions\/8807"}],"wp:attachment":[{"href":"https:\/\/blogs.correiobraziliense.com.br\/vicente\/wp-json\/wp\/v2\/media?parent=8806"}],"wp:term":[{"taxonomy":"category","embeddable":true,"href":"https:\/\/blogs.correiobraziliense.com.br\/vicente\/wp-json\/wp\/v2\/categories?post=8806"},{"taxonomy":"post_tag","embeddable":true,"href":"https:\/\/blogs.correiobraziliense.com.br\/vicente\/wp-json\/wp\/v2\/tags?post=8806"}],"curies":[{"name":"wp","href":"https:\/\/api.w.org\/{rel}","templated":true}]}}