{"id":8799,"date":"2018-07-25T06:33:21","date_gmt":"2018-07-25T09:33:21","guid":{"rendered":"https:\/\/blogs.correiobraziliense.com.br\/vicente\/?p=8799"},"modified":"2018-07-25T11:40:08","modified_gmt":"2018-07-25T14:40:08","slug":"correio-economico-licao-para-os-populistas","status":"publish","type":"post","link":"https:\/\/blogs.correiobraziliense.com.br\/vicente\/correio-economico-licao-para-os-populistas\/","title":{"rendered":"Correio Econ\u00f4mico: Li\u00e7\u00e3o para os populistas"},"content":{"rendered":"<h2>ANTONIO TEM\u00d3TEO<\/h2>\n<h2><\/h2>\n<h2>Os candidatos que pretendem ignorar os problemas das contas p\u00fablicas brasileiras durante as elei\u00e7\u00f5es de outubro devem fazer um est\u00e1gio na Venezuela. O Fundo Monet\u00e1rio Internacional (FMI) estimou que a infla\u00e7\u00e3o no pa\u00eds deve atingir inacredit\u00e1vel 1.000.000% em 2018, diante da mais grave crise econ\u00f4mica da hist\u00f3ria.<\/h2>\n<p>&nbsp;<\/p>\n<p>Deixar de lado o ajuste fiscal \u00e9 assinar um contrato em branco com a \u00fanica certeza de que a corre\u00e7\u00e3o dos problemas vir\u00e1 com mais desemprego, recess\u00e3o, descontrole de pre\u00e7os e desabastecimento. Essa \u00e9 a realidade venezuelana e poderia ser a do Brasil caso a presidente Dilma Rousseff n\u00e3o fosse afastada do governo pelo Congresso Nacional.<\/p>\n<p>&nbsp;<\/p>\n<p>N\u00e3o h\u00e1 espa\u00e7o para populismo. O pr\u00f3ximo presidente ter\u00e1 um desafio herc\u00faleo de fazer uma reforma da Previd\u00eancia que acabe com privil\u00e9gios de servidores e militares, de simplificar o sistema tribut\u00e1rio brasileiro, de aprovar medidas para tornar o sistema financeiro mais competitivo, com taxas de juros civilizadas, al\u00e9m de enfrentar problemas cr\u00f4nicos, como a viol\u00eancia e o baixo n\u00edvel de educa\u00e7\u00e3o.<\/p>\n<p>&nbsp;<\/p>\n<p>O espa\u00e7o para o corporativismo, para o fisiologismo pol\u00edtico e para a corrup\u00e7\u00e3o acabou. O brasileiro n\u00e3o aguenta mais ser achincalhado por pol\u00edticos, empres\u00e1rios e trabalhadores interessados apenas em manter os pr\u00f3prios privil\u00e9gios. Os diagn\u00f3sticos para os problemas j\u00e1 existem e parte da solu\u00e7\u00e3o para o problema passa pela decis\u00e3o individual de cada brasileiro.<\/p>\n<p>&nbsp;<\/p>\n<p>Mais do que nunca, o resultado das urnas em outubro sinalizar\u00e1 se caminharemos para nos tornarmos uma Venezuela ou uma na\u00e7\u00e3o desenvolvida. E n\u00e3o me refiro apenas \u00e0 escolha do pr\u00f3ximo presidente. Mas a de deputados federais, deputados estaduais, deputados distritais e senadores. Cabe ao Legislativo aprovar as leis e as mudan\u00e7as constitucionais que garantir\u00e3o \u00e0s gera\u00e7\u00f5es futuras a chance de viver em um pa\u00eds melhor.<\/p>\n<p>&nbsp;<\/p>\n<p>Al\u00e9m disso, esses mesmos parlamentares ser\u00e3o respons\u00e1veis por fiscalizar os trabalhos do Executivo e por defender os interesses do povo. Os que est\u00e3o atualmente no Congresso est\u00e3o mais preocupados em aumentar os sal\u00e1rios e garantir a volta das indica\u00e7\u00f5es pol\u00edticas para as estatais.<\/p>\n<p>&nbsp;<\/p>\n<p>Parte desses problemas \u00e9 fruto da falta de responsabilidade dos eleitores, que depositaram os votos nos candidatos e se esqueceram de cobrar o melhor para o pa\u00eds. Mesmo que as circunst\u00e2ncias apontem para um baixo \u00edndice de renova\u00e7\u00e3o do Congresso, aqueles que fizerem o dever de casa de votar em prol da na\u00e7\u00e3o, e n\u00e3o de olho em interesses particulares, contribuir\u00e3o para que o Brasil se torne um pa\u00eds menos desigual, mais seguro, e que ofere\u00e7a \u00e0 popula\u00e7\u00e3o as m\u00ednimas condi\u00e7\u00f5es para trabalhar e viver. Sem reformas e ajustes n\u00e3o haver\u00e1 empregos, programas sociais, sal\u00e1rios para servidores e aposentadorias.<\/p>\n<p>&nbsp;<\/p>\n<p>O espa\u00e7o para o populismo ficou no passado. O que precisa ser feito \u00e9 de conhecimento de todos. Resta saber se o povo escolher\u00e1 colocar o pa\u00eds nos trilhos do crescimento ou nos do atraso. Isso ficar\u00e1 claro em outubro.<\/p>\n<p>&nbsp;<\/p>\n<p><em>Bras\u00edlia, 06h33min<\/em><\/p>\n","protected":false},"excerpt":{"rendered":"<p>ANTONIO TEM\u00d3TEO Os candidatos que pretendem ignorar os problemas das contas p\u00fablicas brasileiras durante as elei\u00e7\u00f5es de outubro devem fazer um est\u00e1gio na Venezuela. O Fundo Monet\u00e1rio Internacional (FMI) estimou que a infla\u00e7\u00e3o no pa\u00eds deve atingir inacredit\u00e1vel 1.000.000% em 2018, diante da mais grave crise econ\u00f4mica da hist\u00f3ria. &nbsp; Deixar de lado o ajuste [&hellip;]<\/p>\n","protected":false},"author":22,"featured_media":0,"comment_status":"open","ping_status":"closed","sticky":false,"template":"","format":"standard","meta":{"footnotes":""},"categories":[600],"tags":[],"class_list":["post-8799","post","type-post","status-publish","format-standard","hentry","category-economia"],"_links":{"self":[{"href":"https:\/\/blogs.correiobraziliense.com.br\/vicente\/wp-json\/wp\/v2\/posts\/8799","targetHints":{"allow":["GET"]}}],"collection":[{"href":"https:\/\/blogs.correiobraziliense.com.br\/vicente\/wp-json\/wp\/v2\/posts"}],"about":[{"href":"https:\/\/blogs.correiobraziliense.com.br\/vicente\/wp-json\/wp\/v2\/types\/post"}],"author":[{"embeddable":true,"href":"https:\/\/blogs.correiobraziliense.com.br\/vicente\/wp-json\/wp\/v2\/users\/22"}],"replies":[{"embeddable":true,"href":"https:\/\/blogs.correiobraziliense.com.br\/vicente\/wp-json\/wp\/v2\/comments?post=8799"}],"version-history":[{"count":1,"href":"https:\/\/blogs.correiobraziliense.com.br\/vicente\/wp-json\/wp\/v2\/posts\/8799\/revisions"}],"predecessor-version":[{"id":8800,"href":"https:\/\/blogs.correiobraziliense.com.br\/vicente\/wp-json\/wp\/v2\/posts\/8799\/revisions\/8800"}],"wp:attachment":[{"href":"https:\/\/blogs.correiobraziliense.com.br\/vicente\/wp-json\/wp\/v2\/media?parent=8799"}],"wp:term":[{"taxonomy":"category","embeddable":true,"href":"https:\/\/blogs.correiobraziliense.com.br\/vicente\/wp-json\/wp\/v2\/categories?post=8799"},{"taxonomy":"post_tag","embeddable":true,"href":"https:\/\/blogs.correiobraziliense.com.br\/vicente\/wp-json\/wp\/v2\/tags?post=8799"}],"curies":[{"name":"wp","href":"https:\/\/api.w.org\/{rel}","templated":true}]}}