{"id":8797,"date":"2018-07-24T18:53:59","date_gmt":"2018-07-24T21:53:59","guid":{"rendered":"https:\/\/blogs.correiobraziliense.com.br\/vicente\/?p=8797"},"modified":"2018-07-24T20:40:23","modified_gmt":"2018-07-24T23:40:23","slug":"temer-pedira-fim-de-embargo-e-de-sobretaxa-carnes-brasileira-para-russia-e-china","status":"publish","type":"post","link":"https:\/\/blogs.correiobraziliense.com.br\/vicente\/temer-pedira-fim-de-embargo-e-de-sobretaxa-carnes-brasileira-para-russia-e-china\/","title":{"rendered":"Temer pedir\u00e1 fim de embargo e de sobretaxa a carnes brasileira para R\u00fassia e China"},"content":{"rendered":"<h2>O presidente Michel Temer desembarca nesta quarta-feira (25\/07) na \u00c1frica do Sul, onde participar\u00e1 da reuni\u00e3o do Brics, grupo que re\u00fane Brasil, China, R\u00fassia, \u00cdndia e o pa\u00eds africano. A ideia \u00e9 n\u00e3o ficar preso \u00e0 agenda oficial e levantar assuntos importantes: o\u00a0fim do embargo russo \u00e0s carnes su\u00edna e bovina do Brasil, decretado no fim do ano passado, e o fim da sobretaxa imposta pela China ao frango brasileiro em junho passado. Na avalia\u00e7\u00e3o do governo brasileiro, n\u00e3o h\u00e1 nada que justifique essas barreiras comerciais.<\/h2>\n<p>&nbsp;<\/p>\n<p>Tamb\u00e9m fora da agenda, representantes do governo brasileiro querem levantar outro debate relevante: a constru\u00e7\u00e3o de um centro de pesquisas para o desenvolvimento de vacinas na \u00c1frica do Sul com financiamento chin\u00eas. O Brasil \u00e9 refer\u00eancia em vacina\u00e7\u00e3o contra v\u00e1rias doen\u00e7as, como a tuberculose. Na avalia\u00e7\u00e3o de Temer, n\u00e3o h\u00e1 como o Brasil ficar de fora desse empreendimento, inclusive entrando com tecnologia.<\/p>\n<p>&nbsp;<\/p>\n<p>Na reuni\u00e3o restrita com integrantes do Brics, Temer falar\u00e1 sobre multilateralismo e governan\u00e7a global, em especial, sobre o papel da Organiza\u00e7\u00e3o Mundial do Com\u00e9rcio (OMC), que se v\u00ea num grande dilema por conta da guerra comercial travada entre os Estados Unidos e a China. O presidente tamb\u00e9m focar\u00e1 na agenda 2030 e nas mudan\u00e7as clim\u00e1ticas, al\u00e9m de pedir uma solu\u00e7\u00e3o para o conflito na S\u00edria e de propor a revis\u00e3o do papel da Organiza\u00e7\u00e3o das Na\u00e7\u00f5es Unidas (ONU), que n\u00e3o reflete a nova ordem mundial.<\/p>\n<p>&nbsp;<\/p>\n<p>No encontro ampliado do Brics, Temer comentar\u00e1 sobre os desafios da 4\u00aa revolu\u00e7\u00e3o industrial e como enfrent\u00e1-los com mais educa\u00e7\u00e3o, mais integra\u00e7\u00e3o e mais acesso \u00e0 tecnologia digital. J\u00e1 no evento que reunir\u00e1 pa\u00edses da \u00c1frica (Angola, Burundi, Egito, Eti\u00f3pia, Gab\u00e3o, Nam\u00edbia, Ruanda, Senegal, Togo e Uganda) e parceiros do Brics (Argentina, Indon\u00e9sia, Jamaica e Turquia), o presidente falar\u00e1 sobre\u00a0 aspira\u00e7\u00f5es da Africa, coopera\u00e7\u00e3o tecnol\u00f3gica, crescimento sustent\u00e1vel e inclus\u00e3o\u00a0para a prosperidade no Sul global.<\/p>\n<p>&nbsp;<\/p>\n<p>Temer tem encontros bilaterais agendados com chefes de Estados da\u00a0Russia, da China, da Turquia, da \u00c1frica do Sul, da Argentina e de Mo\u00e7ambique.<\/p>\n<p>&nbsp;<\/p>\n<p><em>Bras\u00edlia, 18h53min<\/em><\/p>\n","protected":false},"excerpt":{"rendered":"<p>O presidente Michel Temer desembarca nesta quarta-feira (25\/07) na \u00c1frica do Sul, onde participar\u00e1 da reuni\u00e3o do Brics, grupo que re\u00fane Brasil, China, R\u00fassia, \u00cdndia e o pa\u00eds africano. A ideia \u00e9 n\u00e3o ficar preso \u00e0 agenda oficial e levantar assuntos importantes: o\u00a0fim do embargo russo \u00e0s carnes su\u00edna e bovina do Brasil, decretado no [&hellip;]<\/p>\n","protected":false},"author":22,"featured_media":0,"comment_status":"open","ping_status":"closed","sticky":false,"template":"","format":"standard","meta":{"footnotes":""},"categories":[600],"tags":[3553,247,1438,246,3552,692,379,125],"class_list":["post-8797","post","type-post","status-publish","format-standard","hentry","category-economia","tag-africa-do-sul","tag-brics","tag-carnes","tag-china","tag-embargo","tag-frango","tag-russia","tag-temer"],"_links":{"self":[{"href":"https:\/\/blogs.correiobraziliense.com.br\/vicente\/wp-json\/wp\/v2\/posts\/8797","targetHints":{"allow":["GET"]}}],"collection":[{"href":"https:\/\/blogs.correiobraziliense.com.br\/vicente\/wp-json\/wp\/v2\/posts"}],"about":[{"href":"https:\/\/blogs.correiobraziliense.com.br\/vicente\/wp-json\/wp\/v2\/types\/post"}],"author":[{"embeddable":true,"href":"https:\/\/blogs.correiobraziliense.com.br\/vicente\/wp-json\/wp\/v2\/users\/22"}],"replies":[{"embeddable":true,"href":"https:\/\/blogs.correiobraziliense.com.br\/vicente\/wp-json\/wp\/v2\/comments?post=8797"}],"version-history":[{"count":1,"href":"https:\/\/blogs.correiobraziliense.com.br\/vicente\/wp-json\/wp\/v2\/posts\/8797\/revisions"}],"predecessor-version":[{"id":8798,"href":"https:\/\/blogs.correiobraziliense.com.br\/vicente\/wp-json\/wp\/v2\/posts\/8797\/revisions\/8798"}],"wp:attachment":[{"href":"https:\/\/blogs.correiobraziliense.com.br\/vicente\/wp-json\/wp\/v2\/media?parent=8797"}],"wp:term":[{"taxonomy":"category","embeddable":true,"href":"https:\/\/blogs.correiobraziliense.com.br\/vicente\/wp-json\/wp\/v2\/categories?post=8797"},{"taxonomy":"post_tag","embeddable":true,"href":"https:\/\/blogs.correiobraziliense.com.br\/vicente\/wp-json\/wp\/v2\/tags?post=8797"}],"curies":[{"name":"wp","href":"https:\/\/api.w.org\/{rel}","templated":true}]}}