{"id":8792,"date":"2018-07-23T19:43:59","date_gmt":"2018-07-23T22:43:59","guid":{"rendered":"https:\/\/blogs.correiobraziliense.com.br\/vicente\/?p=8792"},"modified":"2018-07-23T19:43:59","modified_gmt":"2018-07-23T22:43:59","slug":"preco-da-gasolina-cai-para-ate-r-414-mas-e-preciso-pesquisar","status":"publish","type":"post","link":"https:\/\/blogs.correiobraziliense.com.br\/vicente\/preco-da-gasolina-cai-para-ate-r-414-mas-e-preciso-pesquisar\/","title":{"rendered":"Pre\u00e7o da gasolina cai para at\u00e9 R$ 4,14. Mas \u00e9 preciso pesquisar"},"content":{"rendered":"<h2>GABRIEL PONTE<\/h2>\n<h2><\/h2>\n<h2>A Petrobras anunciou nesta segunda-feira (23\/07)\u00a0nova redu\u00e7\u00e3o no pre\u00e7o da gasolina nas refinarias do pa\u00eds. A partir desta ter\u00e7a (24\/07), o valor do combust\u00edvel vendido ser\u00e1 de R$ 1,9426, representando redu\u00e7\u00e3o de 0,9% em rela\u00e7\u00e3o \u00e0 semana passada, que ficou estabilizado em R$ 1,9611. \u00c9 a menor cota\u00e7\u00e3o desde 29 de junho, quando o pre\u00e7o praticado era de R$ 1,9262.<\/h2>\n<p>&nbsp;<\/p>\n<p>Para os motoristas do Distrito Federal, no entanto, o repasse ainda n\u00e3o \u00e9 uniforme. \u00c9 poss\u00edvel encontrar o combust\u00edvel sendo comercializado por R$ 4,14 o litro, em Taguatinga, menor valor desde o fim da greve dos caminhoneiros. Mas o litro pode chegar a R$ 4,79. Por isso, a import\u00e2ncia de se pesquisar bem.<\/p>\n<p>&nbsp;<\/p>\n<p>No Plano Piloto, o pre\u00e7o mais baixo registrado pela equipe do <strong>Correio<\/strong> foi de R$ 4,39 em dois postos do Setor de Ind\u00fastrias Gr\u00e1ficas (SIG), representando redu\u00e7\u00e3o de R$ 0,12 quando comparado ao da semana anterior. No geral, a m\u00e9dia de pre\u00e7o dos 31 estabelecimentos visitados pelo jornal caiu em rela\u00e7\u00e3o ao \u00faltimo levantamento: de R$ 4,56 para R$ 4,52.<\/p>\n<p>&nbsp;<\/p>\n<p>Na vis\u00e3o do advogado Bruno Sarkis, 28 anos, o valor do litro do combust\u00edvel ainda est\u00e1 elevado. \u201cEstou abastecendo a R$ 4,38, mas j\u00e1 vi gasolina \u00e0 R$ 4,17. Apesar dessa diferen\u00e7a, sempre abaste\u00e7o aqui no SIG porque \u00e9 mais perto do meu trabalho\u201d, explica. De acordo com advogado, a diferen\u00e7a dos gastos, quando comparada a anos anteriores, \u00e9 expressiva. \u201cAntigamente, enchia o tanque do meu carro por R$ 210, R$ 220. Hoje, pago R$ 260. Para se ter ideia, rodo 100 km por dia e abaste\u00e7o meu carro toda semana. Ent\u00e3o, imagina o preju\u00edzo\u201d, afirma.<\/p>\n<p>&nbsp;<\/p>\n<p>Para Camilla Lombardi, 34, advogada, o pre\u00e7o praticado nos estabelecimentos da capital \u00e9 elevado, mas est\u00e1 em baixa quando analisado com os valores atingidos durante a greve dos caminhoneiros. \u201cContinua caro. \u00c9 claro que temos que reconhecer que o pre\u00e7o est\u00e1 caindo desde o fim da paralisa\u00e7\u00e3o dos caminhoneiros, mas ainda est\u00e1 pesando no or\u00e7amento\u201d, alega. Com a atual pol\u00edtica de pre\u00e7os praticada pela Petrobras, a advogada se viu obrigada a trocar de carro. \u201cL\u00e1 em casa, t\u00ednhamos dois ve\u00edculos com motor 2.0. No atual cen\u00e1rio, tivemos que trocar um deles por outro de motor 1.6, que consome menos\u201d, conta.<\/p>\n<p>&nbsp;<\/p>\n<p>As varia\u00e7\u00f5es do pre\u00e7o do combust\u00edvel afetam, principalmente, os motoristas que se deslocam entre grandes dist\u00e2ncias no dia a dia, como \u00e9 o caso da servidora p\u00fablica Michelle Moura, 35. \u201cPesa muito no or\u00e7amento. Eu moro no Sudoeste, mas trabalho em Planaltina de Goi\u00e1s. S\u00e3o 132 km percorridos por dia.\u201d, calcula.<\/p>\n<p>&nbsp;<\/p>\n<p>Michelle, por\u00e9m, tem uma vantagem moment\u00e2nea. \u201cEstou de licen\u00e7a-maternidade. Ou seja, est\u00e1 mais tranquilo diante desse sobe e desce da gasolina. O problema voltar\u00e1 quando eu retornar ao trabalho\u201d, diz. A servidora teve que comprar um modelo utilit\u00e1rio, que consome 9 litros por quil\u00f4metro, pelo fato de precisar de um ve\u00edculo espa\u00e7oso e seguro para transportar o filho rec\u00e9m-nascido.<\/p>\n<p>&nbsp;<\/p>\n<p>De acordo com M\u00e1rcio Rocha, gerente de um posto no SIG, a redu\u00e7\u00e3o de R$ 0,12 no pre\u00e7o do combust\u00edvel deu-se em raz\u00e3o da concorr\u00eancia. \u201cA gente baixou por um reflexo dos postos de Taguatinga. Isso estava afetando as nossas vendas\u201d, relata. A nova redu\u00e7\u00e3o nos valores praticados no estabelecimento j\u00e1 pode ser sentida no fluxo de clientes. &#8220;Houve uma melhora significativa de vendas, 30% a mais de motoristas somente hoje\u201d, afirma.<\/p>\n","protected":false},"excerpt":{"rendered":"<p>GABRIEL PONTE A Petrobras anunciou nesta segunda-feira (23\/07)\u00a0nova redu\u00e7\u00e3o no pre\u00e7o da gasolina nas refinarias do pa\u00eds. A partir desta ter\u00e7a (24\/07), o valor do combust\u00edvel vendido ser\u00e1 de R$ 1,9426, representando redu\u00e7\u00e3o de 0,9% em rela\u00e7\u00e3o \u00e0 semana passada, que ficou estabilizado em R$ 1,9611. \u00c9 a menor cota\u00e7\u00e3o desde 29 de junho, quando [&hellip;]<\/p>\n","protected":false},"author":22,"featured_media":0,"comment_status":"open","ping_status":"closed","sticky":false,"template":"","format":"standard","meta":{"footnotes":""},"categories":[600],"tags":[],"class_list":["post-8792","post","type-post","status-publish","format-standard","hentry","category-economia"],"_links":{"self":[{"href":"https:\/\/blogs.correiobraziliense.com.br\/vicente\/wp-json\/wp\/v2\/posts\/8792","targetHints":{"allow":["GET"]}}],"collection":[{"href":"https:\/\/blogs.correiobraziliense.com.br\/vicente\/wp-json\/wp\/v2\/posts"}],"about":[{"href":"https:\/\/blogs.correiobraziliense.com.br\/vicente\/wp-json\/wp\/v2\/types\/post"}],"author":[{"embeddable":true,"href":"https:\/\/blogs.correiobraziliense.com.br\/vicente\/wp-json\/wp\/v2\/users\/22"}],"replies":[{"embeddable":true,"href":"https:\/\/blogs.correiobraziliense.com.br\/vicente\/wp-json\/wp\/v2\/comments?post=8792"}],"version-history":[{"count":1,"href":"https:\/\/blogs.correiobraziliense.com.br\/vicente\/wp-json\/wp\/v2\/posts\/8792\/revisions"}],"predecessor-version":[{"id":8793,"href":"https:\/\/blogs.correiobraziliense.com.br\/vicente\/wp-json\/wp\/v2\/posts\/8792\/revisions\/8793"}],"wp:attachment":[{"href":"https:\/\/blogs.correiobraziliense.com.br\/vicente\/wp-json\/wp\/v2\/media?parent=8792"}],"wp:term":[{"taxonomy":"category","embeddable":true,"href":"https:\/\/blogs.correiobraziliense.com.br\/vicente\/wp-json\/wp\/v2\/categories?post=8792"},{"taxonomy":"post_tag","embeddable":true,"href":"https:\/\/blogs.correiobraziliense.com.br\/vicente\/wp-json\/wp\/v2\/tags?post=8792"}],"curies":[{"name":"wp","href":"https:\/\/api.w.org\/{rel}","templated":true}]}}