{"id":8790,"date":"2018-07-23T17:03:25","date_gmt":"2018-07-23T20:03:25","guid":{"rendered":"https:\/\/blogs.correiobraziliense.com.br\/vicente\/?p=8790"},"modified":"2018-07-23T17:03:25","modified_gmt":"2018-07-23T20:03:25","slug":"fundo-de-pensao-do-executivo-e-do-legislativo-atinge-r-1-bi-de-patrimonio","status":"publish","type":"post","link":"https:\/\/blogs.correiobraziliense.com.br\/vicente\/fundo-de-pensao-do-executivo-e-do-legislativo-atinge-r-1-bi-de-patrimonio\/","title":{"rendered":"Fundo de pens\u00e3o dos servidores atinge R$ 1 bilh\u00e3o em patrim\u00f4nio"},"content":{"rendered":"<p>POR ANTONIO TEM\u00d3TEO<\/p>\n<p>&nbsp;<\/p>\n<p>A Funpresp, funda\u00e7\u00e3o de previd\u00eancia complementar dos servidores do Executivo e do Legislativo Federal, atingiu hoje a marca de R$ 1 bilh\u00e3o em patrim\u00f4nio. O fundo de pens\u00e3o possui 62 mil participantes e est\u00e1 em funcionamento h\u00e1 exatos cinco anos, cinco meses e 19 dias.<\/p>\n<p>&nbsp;<\/p>\n<p>&nbsp;<\/p>\n<p>Os servidores t\u00eam at\u00e9 27 de julho para decidir pela migra\u00e7\u00e3o de regime previdenci\u00e1rio. Quem ingressou no Executivo antes de 4 de fevereiro de 2013 e no Legislativo antes de 07 de maio do mesmo ano ter\u00e1 direito de deixar o Regime Pr\u00f3prio de Previd\u00eancia Social (RPPS).<\/p>\n<p>&nbsp;<\/p>\n<p>Com a mudan\u00e7a, o trabalhador pode aderir ao fundo de pens\u00e3o\u00a0como participante ativo normal, com direito \u00e0 contrapartida da Uni\u00e3o, que se limita a at\u00e9 8,5% do sal\u00e1rio de participa\u00e7\u00e3o. Este valor \u00e9 calculado sobre a remunera\u00e7\u00e3o menos o valor do teto do Instituto Nacional do Seguro Social, atualmente em R$5.645,80.<\/p>\n<p>&nbsp;<\/p>\n<p>Quem optar pela migra\u00e7\u00e3o ainda ter\u00e1 direito a um benef\u00edcio especial, com base nas contribui\u00e7\u00f5es realizadas e no per\u00edodo de pagamentos, custeado pelo RPPS. O servidor interessado em mudar regime deve procurar o setor de gest\u00e3o de pessoas do \u00f3rg\u00e3o.<\/p>\n","protected":false},"excerpt":{"rendered":"<p>POR ANTONIO TEM\u00d3TEO &nbsp; A Funpresp, funda\u00e7\u00e3o de previd\u00eancia complementar dos servidores do Executivo e do Legislativo Federal, atingiu hoje a marca de R$ 1 bilh\u00e3o em patrim\u00f4nio. O fundo de pens\u00e3o possui 62 mil participantes e est\u00e1 em funcionamento h\u00e1 exatos cinco anos, cinco meses e 19 dias. &nbsp; &nbsp; Os servidores t\u00eam at\u00e9 [&hellip;]<\/p>\n","protected":false},"author":22,"featured_media":0,"comment_status":"open","ping_status":"closed","sticky":false,"template":"","format":"standard","meta":{"footnotes":""},"categories":[600],"tags":[1189,3550,3549,2744,3551,733],"class_list":["post-8790","post","type-post","status-publish","format-standard","hentry","category-economia","tag-funpresp","tag-migracao","tag-patrimonio","tag-r-1-bilhao","tag-rpc","tag-rpps"],"_links":{"self":[{"href":"https:\/\/blogs.correiobraziliense.com.br\/vicente\/wp-json\/wp\/v2\/posts\/8790","targetHints":{"allow":["GET"]}}],"collection":[{"href":"https:\/\/blogs.correiobraziliense.com.br\/vicente\/wp-json\/wp\/v2\/posts"}],"about":[{"href":"https:\/\/blogs.correiobraziliense.com.br\/vicente\/wp-json\/wp\/v2\/types\/post"}],"author":[{"embeddable":true,"href":"https:\/\/blogs.correiobraziliense.com.br\/vicente\/wp-json\/wp\/v2\/users\/22"}],"replies":[{"embeddable":true,"href":"https:\/\/blogs.correiobraziliense.com.br\/vicente\/wp-json\/wp\/v2\/comments?post=8790"}],"version-history":[{"count":1,"href":"https:\/\/blogs.correiobraziliense.com.br\/vicente\/wp-json\/wp\/v2\/posts\/8790\/revisions"}],"predecessor-version":[{"id":8791,"href":"https:\/\/blogs.correiobraziliense.com.br\/vicente\/wp-json\/wp\/v2\/posts\/8790\/revisions\/8791"}],"wp:attachment":[{"href":"https:\/\/blogs.correiobraziliense.com.br\/vicente\/wp-json\/wp\/v2\/media?parent=8790"}],"wp:term":[{"taxonomy":"category","embeddable":true,"href":"https:\/\/blogs.correiobraziliense.com.br\/vicente\/wp-json\/wp\/v2\/categories?post=8790"},{"taxonomy":"post_tag","embeddable":true,"href":"https:\/\/blogs.correiobraziliense.com.br\/vicente\/wp-json\/wp\/v2\/tags?post=8790"}],"curies":[{"name":"wp","href":"https:\/\/api.w.org\/{rel}","templated":true}]}}