{"id":8782,"date":"2018-07-21T00:01:02","date_gmt":"2018-07-21T03:01:02","guid":{"rendered":"https:\/\/blogs.correiobraziliense.com.br\/vicente\/?p=8782"},"modified":"2018-07-21T00:13:40","modified_gmt":"2018-07-21T03:13:40","slug":"correio-economico-eleicoes-pegando-fogo-e-inflacao-em-queda","status":"publish","type":"post","link":"https:\/\/blogs.correiobraziliense.com.br\/vicente\/correio-economico-eleicoes-pegando-fogo-e-inflacao-em-queda\/","title":{"rendered":"Correio Econ\u00f4mico: Elei\u00e7\u00f5es pegando fogo e infla\u00e7\u00e3o em queda"},"content":{"rendered":"<h2>Em meio \u00e0 corrida eleitoral, que entrou com tudo no radar dos investidores, o Banco Central ter\u00e1 boas not\u00edcias em rela\u00e7\u00e3o \u00e0 infla\u00e7\u00e3o. A perspectiva \u00e9 de que, depois do susto com o \u00cdndice de Pre\u00e7os ao Consumidor Amplo (IPCA) de junho, que atingiu 1,26%, o custo de vida leve um tombo. S\u00e3o grandes as chances de, em agosto, o IPCA ser negativo. Ou seja, o pa\u00eds voltar\u00e1 a registrar defla\u00e7\u00e3o. A aposta de Carlos Thadeu Filho, economista s\u00eanior do Instituto Brasileiro de Economia (Ibre), da Funda\u00e7\u00e3o Get\u00falio Vargas (FGV), \u00e9 de que a infla\u00e7\u00e3o tenha queda de 0,10%.<\/h2>\n<p>&nbsp;<\/p>\n<p>Diante de tal perspectiva, o mercado praticamente enterrou as apostas de aumento da taxa b\u00e1sica de juros (Selic) nas reuni\u00f5es de 31 de julho e 1\u00ba de agosto do Comit\u00ea de Pol\u00edtica Monet\u00e1ria (Copom). Quando o IPCA deu o salto de junho, efeito da greve dos caminhoneiros, os investidores passaram a acreditar que o BC anteciparia o movimento de alta da Selic, sobretudo pelo fato de o d\u00f3lar apontar para os R$ 4 ante o estresse provocado pelas incertezas eleitorais. Agora, o consenso \u00e9 de que o aperto monet\u00e1rio s\u00f3 vir\u00e1 no pr\u00f3ximo governo. Mesmo assim, depois de a economia mostrar alguma rea\u00e7\u00e3o.<\/p>\n<p>&nbsp;<\/p>\n<p>Segundo Thadeu, a infla\u00e7\u00e3o de agosto, normalmente, \u00e9 baixa. Mas, neste ano, vai devolver a forte alta provocada pela paralisa\u00e7\u00e3o dos transportadores de cargas. Assim como houve exageros em junho, com remarca\u00e7\u00f5es injustific\u00e1veis, haver\u00e1 queda mais forte com a normaliza\u00e7\u00e3o do abastecimento. \u201cOs pre\u00e7os voltar\u00e3o \u00e0 normalidade\u201d, diz. Al\u00e9m disso, espera-se recuo nos pre\u00e7os de frutas, verduras e legumes, cujas colheitas s\u00e3o favorecidas pelo clima mais seco e ameno. A infla\u00e7\u00e3o tamb\u00e9m ser\u00e1 impactada pela liquida\u00e7\u00e3o de artigos de vestu\u00e1rio.<\/p>\n<p>&nbsp;<\/p>\n<p><strong>Alckmin e o Centr\u00e3o<\/strong><\/p>\n<p>&nbsp;<\/p>\n<p>O economista acredita que, de alguma forma, os rumos da elei\u00e7\u00e3o poder\u00e3o ajudar o BC no controle da infla\u00e7\u00e3o, reduzindo, inclusive, a press\u00e3o sobre os pre\u00e7os em 2019. Isso j\u00e1 p\u00f4de ser visto nos dois \u00faltimos dias, quando as cota\u00e7\u00f5es do d\u00f3lar desabaram depois da alian\u00e7a de Geraldo Alckmin (PSDB) com os partidos do Centr\u00e3o (DEM, PP, PR, PRB e Solidariedade). O tucano est\u00e1 mal nas pesquisas de inten\u00e7\u00e3o de votos, oscilando entre 6% e 8% da prefer\u00eancia do eleitorado. Com a alian\u00e7a, passar\u00e1 a ter o maior tempo de tev\u00ea entre todos os candidatos durante a campanha.<\/p>\n<p>&nbsp;<\/p>\n<p>Para os investidores, Alckmin, finalmente, ficou mais competitivo. O tucano veste o figurino ideal do mercado. Prega reformas constitucionais, sobretudo a da Previd\u00eancia Social, promete ajustar as contas p\u00fablicas e enxugar o tamanho do Estado por meio da privatiza\u00e7\u00e3o. Resta saber se os eleitores responder\u00e3o aos anseios dos donos do dinheiro. Uma coisa \u00e9 o apoio do Centr\u00e3o, que d\u00e1 musculatura \u00e0 campanha do tucano; outra, \u00e9 o eleitorado fechar quest\u00e3o em torno de um candidato que se uniu aos partidos mais corruptos e que v\u00e3o continuar loteando o governo para tirar todo proveito poss\u00edvel.<\/p>\n<p>&nbsp;<\/p>\n<p>Nesse primeiro momento, dizem os investidores, h\u00e1 motivos para comemorar. O acordo entre Alckmin e o Centr\u00e3o afastou o fantasma de Ciro Gomes (PDT) ir para o segundo turno. Havia a percep\u00e7\u00e3o no mercado de que, com mais tempo de tev\u00ea e fortes palanques estaduais, o pedetista deslancharia nas pesquisas, chegando \u00e0 reta final da campanha com chances de vit\u00f3ria. Agora, Ciro ter\u00e1 um tempo minguado de tev\u00ea para apresentar seus projetos de governo e pequenas bases estaduais para atrair os eleitores. Mesmo que feche com o PSB, acreditam os agentes econ\u00f4micos, Ciro ficou menor.<\/p>\n<p>&nbsp;<\/p>\n<p><strong>Incertezas no horizonte<\/strong><\/p>\n<p>&nbsp;<\/p>\n<p>Esse otimismo do mercado n\u00e3o quer dizer que o pa\u00eds ter\u00e1 uma travessia tranquila at\u00e9 o resultado das urnas. H\u00e1 muitas incertezas no horizonte. Mesmo com Alckmin fortalecido pelo acordo com o Centr\u00e3o, n\u00e3o \u00e9 poss\u00edvel cravar quem ir\u00e1 para a disputa final. O deputado Jair Bolsonaro (PSL) n\u00e3o conseguiu fechar alian\u00e7as, ter\u00e1 tempo m\u00ednimo na propaganda de tev\u00ea, contudo, \u00e9 fort\u00edssimo nas redes sociais. As pesquisas mostram o capit\u00e3o da reserva do Ex\u00e9rcito consolidado no primeiro lugar. Ser\u00e1 que, quando a campanha efetivamente come\u00e7ar, o apoio a ele vai derreter? \u00c9 dif\u00edcil prever.<\/p>\n<p>&nbsp;<\/p>\n<p>Com Lula preso, o PT deve lan\u00e7ar Fernando Haddad para a disputa pelo Pal\u00e1cio do Planalto. Pesquisas informais mostram que, identificado como o candidato do ex-presidente, ele j\u00e1 larga com pelo menos 11% dos votos. Haddad \u00e9 um dos quadros menos radicais do PT. Tem grandes chances de ir para o segundo turno. A pergunta que todos se fazem \u00e9 se Haddad pregar\u00e1 um rompimento com tudo o que est\u00e1 a\u00ed ou apresentar\u00e1 um programa que tenha compromisso com a austeridade fiscal. Est\u00e1 claro que os petistas est\u00e3o com sangue nos olhos e querem voltar ao governo para se vingarem dos \u201cgolpistas\u201d. Mas uma coisa \u00e9 a campanha, outra, tocar um pa\u00eds.<\/p>\n<p>&nbsp;<\/p>\n<p>Portanto, o melhor ser\u00e1 viver um dia de cada vez. Vamos comemorar as boas not\u00edcias, como a queda da infla\u00e7\u00e3o, mas manter a lucidez para cobrar os candidatos para que, em vez de acusa\u00e7\u00f5es baratas, apresentem projetos para o pa\u00eds. Junho mostrou que, depois de um bom per\u00edodo para o emprego formal, o mercado voltou a fechar vagas. \u00c9 um p\u00e9ssimo sinal para os mais de 13 milh\u00f5es de desempregados. Essas pessoas querem esperan\u00e7a, n\u00e3o falsas promessas. Nesta altura do campeonato, o Brasil n\u00e3o precisa de um salvador da p\u00e1tria. Necessita, sim, de um governante \u00e9tico, compromissado com o povo.<\/p>\n<p>&nbsp;<\/p>\n<p><em>Bras\u00edlia, 00h01min<\/em><\/p>\n","protected":false},"excerpt":{"rendered":"<p>Em meio \u00e0 corrida eleitoral, que entrou com tudo no radar dos investidores, o Banco Central ter\u00e1 boas not\u00edcias em rela\u00e7\u00e3o \u00e0 infla\u00e7\u00e3o. A perspectiva \u00e9 de que, depois do susto com o \u00cdndice de Pre\u00e7os ao Consumidor Amplo (IPCA) de junho, que atingiu 1,26%, o custo de vida leve um tombo. S\u00e3o grandes as [&hellip;]<\/p>\n","protected":false},"author":22,"featured_media":0,"comment_status":"open","ping_status":"closed","sticky":false,"template":"","format":"standard","meta":{"footnotes":""},"categories":[600],"tags":[1437,343,665,1585,14,111],"class_list":["post-8782","post","type-post","status-publish","format-standard","hentry","category-economia","tag-deflacao","tag-dolar","tag-eleicoes","tag-geraldo-alckmin","tag-inflacao","tag-michel-temer"],"_links":{"self":[{"href":"https:\/\/blogs.correiobraziliense.com.br\/vicente\/wp-json\/wp\/v2\/posts\/8782","targetHints":{"allow":["GET"]}}],"collection":[{"href":"https:\/\/blogs.correiobraziliense.com.br\/vicente\/wp-json\/wp\/v2\/posts"}],"about":[{"href":"https:\/\/blogs.correiobraziliense.com.br\/vicente\/wp-json\/wp\/v2\/types\/post"}],"author":[{"embeddable":true,"href":"https:\/\/blogs.correiobraziliense.com.br\/vicente\/wp-json\/wp\/v2\/users\/22"}],"replies":[{"embeddable":true,"href":"https:\/\/blogs.correiobraziliense.com.br\/vicente\/wp-json\/wp\/v2\/comments?post=8782"}],"version-history":[{"count":7,"href":"https:\/\/blogs.correiobraziliense.com.br\/vicente\/wp-json\/wp\/v2\/posts\/8782\/revisions"}],"predecessor-version":[{"id":8789,"href":"https:\/\/blogs.correiobraziliense.com.br\/vicente\/wp-json\/wp\/v2\/posts\/8782\/revisions\/8789"}],"wp:attachment":[{"href":"https:\/\/blogs.correiobraziliense.com.br\/vicente\/wp-json\/wp\/v2\/media?parent=8782"}],"wp:term":[{"taxonomy":"category","embeddable":true,"href":"https:\/\/blogs.correiobraziliense.com.br\/vicente\/wp-json\/wp\/v2\/categories?post=8782"},{"taxonomy":"post_tag","embeddable":true,"href":"https:\/\/blogs.correiobraziliense.com.br\/vicente\/wp-json\/wp\/v2\/tags?post=8782"}],"curies":[{"name":"wp","href":"https:\/\/api.w.org\/{rel}","templated":true}]}}