{"id":8773,"date":"2018-07-20T06:21:02","date_gmt":"2018-07-20T09:21:02","guid":{"rendered":"https:\/\/blogs.correiobraziliense.com.br\/vicente\/?p=8773"},"modified":"2018-07-20T11:34:08","modified_gmt":"2018-07-20T14:34:08","slug":"correio-economico-temer-atua-nos-bastidores-das-aliancas","status":"publish","type":"post","link":"https:\/\/blogs.correiobraziliense.com.br\/vicente\/correio-economico-temer-atua-nos-bastidores-das-aliancas\/","title":{"rendered":"Correio Econ\u00f4mico: Temer atua nos bastidores das alian\u00e7as"},"content":{"rendered":"<h2>ANTONIO TEM\u00d3TEO<\/h2>\n<h2><\/h2>\n<h2>O flerte entre os principais caciques do Centr\u00e3o (PR, DEM, PP, Solidariedade e PRB) e Geraldo Alckmin (PSDB) tem a digital do presidente Michel Temer. Possesso com o namoro entre os partidos da base aliada e Ciro Gomes (PDT), o chefe do Executivo mandou um recado curto e grosso para os caciques das legendas. Ou se afastavam do pedetista ou perderiam todos os cargos que ainda mant\u00eam na Esplanada dos Minist\u00e9rios. Sempre sereno, Temer tem perdido a paci\u00eancia com os adjetivos atribu\u00eddos a ele pelo pol\u00edtico nordestino e cobrou fidelidade dos l\u00edderes partid\u00e1rios.<\/h2>\n<p>&nbsp;<\/p>\n<p>Ele n\u00e3o perdoa Ciro, que o chamou de \u201cquadrilheiro\u201d e disse que o presidente \u201cser\u00e1 preso assim que sair do governo\u201d. Um auxiliar do presidente, entretanto, detalhou que o movimento pol\u00edtico n\u00e3o teve a inten\u00e7\u00e3o de beneficiar a candidatura de Alckmin ou sinalizar que est\u00e1 pr\u00f3ximo do tucano. At\u00e9 porque o ex-governador de S\u00e3o Paulo tem deixado claro que n\u00e3o quer associar sua imagem a de Temer. \u201cSabemos que essa decis\u00e3o afeta a campanha do Henrique Meirelles, mas Ciro n\u00e3o d\u00e1\u201d, disse um integrante do MDB.<\/p>\n<p>&nbsp;<\/p>\n<p>O ex-ministro da Fazenda Henrique Meirelles ter\u00e1 que fazer voo solo na disputa pela Presid\u00eancia da Rep\u00fablica. O que todos est\u00e3o se perguntando \u00e9: at\u00e9 onde ir\u00e1 o apoio do MDB a Meirelles. O ex-ministro\u00a0nunca esperou uma alian\u00e7a com o Centr\u00e3o. Mas, com as sinaliza\u00e7\u00f5es de que o grupo migrar\u00e1 para Alckmin, ficar\u00e1 mais dif\u00edcil atrair os votos mais moderados. O tucano tende a ganhar mais musculatura e n\u00edvel de exposi\u00e7\u00e3o, sobretudo, quando come\u00e7ar a campanha da tev\u00ea. Al\u00e9m disso, o ex-governador de S\u00e3o Paulo ter\u00e1 amplos palanques estaduais.<\/p>\n<p>&nbsp;<\/p>\n<p>Meirelles, que est\u00e1 estagnado entre 1% e 2% nas pesquisas de inten\u00e7\u00e3o de voto, depender\u00e1 do empenho dos diret\u00f3rios nacionais do MDB. O problema \u00e9 que, dentro do partido, h\u00e1 grupos que n\u00e3o aceitam sua candidatura. \u00c9 o caso da ala chefiada pelo senador Renan Calheiros, de Alagoas, que passou a atacar publicamente o correligion\u00e1rio.<\/p>\n<p>&nbsp;<\/p>\n<p>Essas mudan\u00e7as tamb\u00e9m afetar\u00e3o em cheio a campanha de Ciro. O pedetista ter\u00e1 que acertar alian\u00e7a com o PSB para n\u00e3o ficar menor. Sem alian\u00e7as de peso, ele ter\u00e1 pouco tempo de tev\u00ea, apenas um minuto, o que comprometer\u00e1 seus planos de chegar ao segundo turno das elei\u00e7\u00f5es.<\/p>\n<p>&nbsp;<\/p>\n<p>Ciro apostava todas as fichas num acerto com os partidos de centro para refor\u00e7ar sua trajet\u00f3ria rumo \u00e0 Presid\u00eancia da Rep\u00fablica. Chegou ao ponto de aliviar o discurso para tentar atrair os partidos que, juntos, t\u00eam mais de tr\u00eas minutos de tev\u00ea. Nas negocia\u00e7\u00f5es, ganhou um aliado de peso, o presidente da C\u00e2mara, Rodrigo Maia, do DEM.<\/p>\n<p>&nbsp;<\/p>\n<p>Mas, com a ades\u00e3o do PR de Valdemar Costa Neto ao Bloc\u00e3o, a alian\u00e7a com Ciro ficou mais dif\u00edcil. Valdemar considera Ciro de dif\u00edcil manejo e temia que o candidato, por seu temperamento explosivo, acabasse minando a pr\u00f3pria candidatura. Com isso, o Centr\u00e3o morreria na praia e sairia mais enfraquecido para fechar uma nova alian\u00e7a no segundo turno.<\/p>\n<p>&nbsp;<\/p>\n<p>O Centr\u00e3o n\u00e3o brinca em servi\u00e7o. Seu objetivo, com a alian\u00e7a, \u00e9 garantir um bom naco no governo vencedor: comandar minist\u00e9rios e estatais importantes. Para Alckmin, mesmo ciente da gula do Centr\u00e3o, a alian\u00e7a \u00e9 a \u00fanica op\u00e7\u00e3o para que ele consiga se movimentar nas pesquisas de inten\u00e7\u00e3o de votos, nas quais est\u00e1 estagnado entre 6% e 8%, dependendo do levantamento.<\/p>\n<p>&nbsp;<\/p>\n<p>Caso consiga fechar com o PSB, Ciro garantir\u00e1 dois minutos e 30 segundos de tev\u00ea. Ser\u00e1 um alento e tanto. Hoje o pedetista ser\u00e1 sacramentado como candidato do PDT \u00e0 Presid\u00eancia da Rep\u00fablica. Mas, o an\u00fancio perdeu impacto com o candidato sem uma alian\u00e7a forte para caminhar at\u00e9 outubro pr\u00f3ximo.<\/p>\n<p>&nbsp;<\/p>\n<p><strong>Efeitos<\/strong><\/p>\n<p>&nbsp;<\/p>\n<p>Os movimentos pol\u00edticos que fortalecer\u00e3o a candidatura de Alckmin deixar\u00e3o parte do mercado euf\u00f3rico. Muitos executivos de grandes institui\u00e7\u00f5es financeiras ainda apostam que a chance do tucano sair vencedor das urnas \u00e9 grande porque ele ter\u00e1 tempo de TV e recursos para vencer as elei\u00e7\u00f5es. \u201cO brasileiro vota com o bolso e com a barriga. Ningu\u00e9m vai ganhar uma campanha com redes sociais. Isso seria um espanto. Muitas teses de investimento t\u00eam levado em conta o PSDB do Planalto a partir de 2019\u201d, disse um analista do mercado.<\/p>\n<p>&nbsp;<\/p>\n<p>Um sinal disso foi o resultado da Bolsa de Valores de S\u00e3o Paulo (B3) ontem. Os investidores ficaram euf\u00f3ricos diante da possibilidade de o Centr\u00e3o fechar com a candidatura de Alckmin. Em menos de meia hora, as a\u00e7\u00f5es da Petrobras se valorizaram R$ 5,8 bilh\u00f5es. \u201cMuitos est\u00e3o deixando o pessimismo de lado e come\u00e7am a ver a possibilidade de o tucano chegar ao segundo turno das elei\u00e7\u00f5es com chance de vit\u00f3ria\u201d, disse outro analista.<\/p>\n<p>&nbsp;<\/p>\n<p>Com Alckmin no Pal\u00e1cio do Planalto, os donos do dinheiro acreditam que o governo n\u00e3o vai interferir na gest\u00e3o das estatais. Muito pelo contr\u00e1rio, haver\u00e1 a profissionaliza\u00e7\u00e3o das empresas consideradas estrat\u00e9gicas e privatiza\u00e7\u00e3o daquelas que d\u00e3o preju\u00edzos. A tend\u00eancia \u00e9 de que, confirmado o acordo entre o tucano e o Centr\u00e3o, as a\u00e7\u00f5es da Petrobras, do Banco do Brasil e da Eletrobras, que est\u00e1 para ser vendida, disparem.<\/p>\n<p>&nbsp;<\/p>\n<p>Em cerca de 20 minutos, as a\u00e7\u00f5es preferenciais (PN) da Petrobras subiram 3,1%, de R$ 17,90 para R$ 18,45. As ordin\u00e1rias, por sua vez, avan\u00e7aram 1,8%, de R$ 20,52 para R$ 20,89. \u201cEm quest\u00e3o de segundos, houve uma corrida enorme em busca de pap\u00e9is da Petrobras\u201d, disse um operador. \u201cUm bom pren\u00fancio para a Bolsa\u201d, afirmou.<\/p>\n<p>&nbsp;<\/p>\n<p><em>Bras\u00edlia, 06h21min<\/em><\/p>\n","protected":false},"excerpt":{"rendered":"<p>ANTONIO TEM\u00d3TEO O flerte entre os principais caciques do Centr\u00e3o (PR, DEM, PP, Solidariedade e PRB) e Geraldo Alckmin (PSDB) tem a digital do presidente Michel Temer. Possesso com o namoro entre os partidos da base aliada e Ciro Gomes (PDT), o chefe do Executivo mandou um recado curto e grosso para os caciques das [&hellip;]<\/p>\n","protected":false},"author":22,"featured_media":0,"comment_status":"open","ping_status":"closed","sticky":false,"template":"","format":"standard","meta":{"footnotes":""},"categories":[600],"tags":[3014,3540,659,3436,665,2432,125],"class_list":["post-8773","post","type-post","status-publish","format-standard","hentry","category-economia","tag-alckmin","tag-aliancas","tag-centrao","tag-ciro","tag-eleicoes","tag-meirelles","tag-temer"],"_links":{"self":[{"href":"https:\/\/blogs.correiobraziliense.com.br\/vicente\/wp-json\/wp\/v2\/posts\/8773","targetHints":{"allow":["GET"]}}],"collection":[{"href":"https:\/\/blogs.correiobraziliense.com.br\/vicente\/wp-json\/wp\/v2\/posts"}],"about":[{"href":"https:\/\/blogs.correiobraziliense.com.br\/vicente\/wp-json\/wp\/v2\/types\/post"}],"author":[{"embeddable":true,"href":"https:\/\/blogs.correiobraziliense.com.br\/vicente\/wp-json\/wp\/v2\/users\/22"}],"replies":[{"embeddable":true,"href":"https:\/\/blogs.correiobraziliense.com.br\/vicente\/wp-json\/wp\/v2\/comments?post=8773"}],"version-history":[{"count":1,"href":"https:\/\/blogs.correiobraziliense.com.br\/vicente\/wp-json\/wp\/v2\/posts\/8773\/revisions"}],"predecessor-version":[{"id":8774,"href":"https:\/\/blogs.correiobraziliense.com.br\/vicente\/wp-json\/wp\/v2\/posts\/8773\/revisions\/8774"}],"wp:attachment":[{"href":"https:\/\/blogs.correiobraziliense.com.br\/vicente\/wp-json\/wp\/v2\/media?parent=8773"}],"wp:term":[{"taxonomy":"category","embeddable":true,"href":"https:\/\/blogs.correiobraziliense.com.br\/vicente\/wp-json\/wp\/v2\/categories?post=8773"},{"taxonomy":"post_tag","embeddable":true,"href":"https:\/\/blogs.correiobraziliense.com.br\/vicente\/wp-json\/wp\/v2\/tags?post=8773"}],"curies":[{"name":"wp","href":"https:\/\/api.w.org\/{rel}","templated":true}]}}