{"id":877,"date":"2016-05-04T11:46:20","date_gmt":"2016-05-04T14:46:20","guid":{"rendered":"https:\/\/blogs.correiobraziliense.com.br\/vicente\/?p=877"},"modified":"2016-06-02T12:39:27","modified_gmt":"2016-06-02T15:39:27","slug":"nove-carreiras-de-servidores-podem-negociar-reajuste-com-temer","status":"publish","type":"post","link":"https:\/\/blogs.correiobraziliense.com.br\/vicente\/nove-carreiras-de-servidores-podem-negociar-reajuste-com-temer\/","title":{"rendered":"Nove carreiras de servidores podem negociar reajuste com Temer"},"content":{"rendered":"<p>POR HAMILTON FERRARI<\/p>\n<p>&nbsp;<\/p>\n<p>Apesar da correria, tudo indica que as carreiras do servi\u00e7o p\u00fablico que ainda n\u00e3o fecharam acordo salarial com o Minist\u00e9rio do Planejamento ter\u00e3o de negociar com a equipe de Michel Temer. O fato \u00e9 que as negocia\u00e7\u00f5es est\u00e3o praticamente paralisadas desde que S\u00e9rgio Mendon\u00e7a deixou a Secretaria de Rela\u00e7\u00f5es com Trabalho para assumir a presid\u00eancia da Funcef \u2014 fundo de pens\u00e3o dos funcion\u00e1rios da Caixa Econ\u00f4mica Federal.<\/p>\n<p>&nbsp;<\/p>\n<p>As nove carreiras que ainda n\u00e3o fecharam as negocia\u00e7\u00f5es s\u00e3o: agentes, delegados e peritos da Pol\u00edcia Federal, policiais rodovi\u00e1rios federais, analistas de infraestrutura, analisa t\u00e9cnico de pol\u00edticas sociais, peritos federais agr\u00e1rios do Incra, servidores do Departamento Nacional de Infraestrutura de Transportes (Dnit) e diplomatas. Representantes desses servidores correm contra o tempo para tentar firmar o acordo antes da vota\u00e7\u00e3o do processo de impeachment da presidente Dilma Rousseff.<\/p>\n<p>&nbsp;<\/p>\n<p>O presidente da Federa\u00e7\u00e3o Nacional dos Policiais Federais (Fnapef), Lu\u00eds Ant\u00f4nio de Ara\u00fajo Boudens, teme que a categoria volte a estaca zero. \u201cO nosso temor \u00e9 de que tudo que a gente tinha feito, como as informa\u00e7\u00f5es, os argumentos e o termo de acordo, inclusive j\u00e1 assinado pelo governo, se perca se houver mudan\u00e7a no Executivo Federal\u201d, argumentou.<\/p>\n<p>&nbsp;<\/p>\n<p>Na tentativa de fazer a negocia\u00e7\u00e3o da PF andar, a Fenapef apresentou ao ministro da Justi\u00e7a, Eug\u00eanio Arag\u00e3o, as propostas da categoria e, ontem esperou, sem sucesso, a confirma\u00e7\u00e3o de uma reuni\u00e3o no Minist\u00e9rio do Planejamento. A assessoria de imprensa da pasta, informou que desconhecia qualquer encontro com os representantes dos policiais federais.<\/p>\n<p>&nbsp;<\/p>\n<p>Os policiais rodovi\u00e1rios tamb\u00e9m recorreram a Arag\u00e3o. O presidente da FenaPRF (entidade que representa a categoria), Pedro Cavalcanti., disse que tem a promessa do ministro de que vai fechar a negocia\u00e7\u00e3o antes da decis\u00e3o do Senado sobre o impedimento de Dilma. \u201cNossa expectativa \u00e9 que seja feito at\u00e9 sexta-feira\u201d, afirmou.<\/p>\n<p>&nbsp;<\/p>\n<p>Para os analistas em infraestrutura o momento \u00e9 de apreens\u00e3o. O presidente da AneInfra, Rodolpho Salom\u00e3o, reclamou da paralisa\u00e7\u00e3o das negocia\u00e7\u00f5es. \u201cA entidade fez uma proposta de reestrutura\u00e7\u00e3o de carreira em 2015 dentro dos par\u00e2metros do gabarito aceit\u00e1vel pelo governo federal, mas n\u00e3o tivemos resposta\u201d, lamentou.<\/p>\n<p>&nbsp;<\/p>\n<p>A proposta dos analistas, segundo Salom\u00e3o, vinha de encontro aos 21,3% oferecidos pela pr\u00f3pria Uni\u00e3o no ano passado. \u201cN\u00e3o pedimos aumentos, cumprimos as sugest\u00f5es do governo, mas, mesmo assim, n\u00e3o ganhamos\u201d, ironizou. De acordo com ele, a categoria n\u00e3o recusou contrapropostas do governo federal. \u201cElas, simplesmente, n\u00e3o foram apresentadas\u201d, acrescentou. \u201cA gente considera que a mesa de negocia\u00e7\u00e3o foi um grande avan\u00e7o em compara\u00e7\u00e3o a governos anteriores, mas o problema \u00e9 que um lado da mesa controla a agenda e n\u00f3s estamos esperando desde 2015. Se mudar o governo, tudo que a gente fez pode voltar \u00e0 estaca zero\u201d, disse.<\/p>\n<p>&nbsp;<\/p>\n<p>O Planejamento explicou que iniciou as negocia\u00e7\u00f5es com os servidores p\u00fablicos em 20 de mar\u00e7o de 2015 e que mant\u00e9m a disposi\u00e7\u00e3o de dar sequ\u00eancia ao processo em cumprimento \u00e0s compet\u00eancias institu\u00eddas. No fim do ano passado, foram fechados dois acordos: um para o chamado carreir\u00e3o, de reajuste de 10,8% em dois anos \u2014 5,5% a ser pago em agosto deste ano e 5%, em 2017 \u2014, e outro, com as carreiras t\u00edpicas de Estado, que prev\u00ea aumento de 27,9%, divididos em quatro anos \u2014 5,5% em 2016; 6,99%, em 2017; 6,65%, em 2018; e 6,31%, em 2019.<\/p>\n<p>&nbsp;<\/p>\n<p>Bras\u00edlia, 11h45min<\/p>\n","protected":false},"excerpt":{"rendered":"<p>POR HAMILTON FERRARI &nbsp; Apesar da correria, tudo indica que as carreiras do servi\u00e7o p\u00fablico que ainda n\u00e3o fecharam acordo salarial com o Minist\u00e9rio do Planejamento ter\u00e3o de negociar com a equipe de Michel Temer. O fato \u00e9 que as negocia\u00e7\u00f5es est\u00e3o praticamente paralisadas desde que S\u00e9rgio Mendon\u00e7a deixou a Secretaria de Rela\u00e7\u00f5es com Trabalho [&hellip;]<\/p>\n","protected":false},"author":22,"featured_media":0,"comment_status":"open","ping_status":"closed","sticky":false,"template":"","format":"standard","meta":{"footnotes":""},"categories":[1],"tags":[126,127,124,123,125],"class_list":["post-877","post","type-post","status-publish","format-standard","hentry","category-sem-categoria","tag-policia-federal","tag-policia-rodoviaria-federal","tag-reajustes","tag-servidores","tag-temer"],"_links":{"self":[{"href":"https:\/\/blogs.correiobraziliense.com.br\/vicente\/wp-json\/wp\/v2\/posts\/877","targetHints":{"allow":["GET"]}}],"collection":[{"href":"https:\/\/blogs.correiobraziliense.com.br\/vicente\/wp-json\/wp\/v2\/posts"}],"about":[{"href":"https:\/\/blogs.correiobraziliense.com.br\/vicente\/wp-json\/wp\/v2\/types\/post"}],"author":[{"embeddable":true,"href":"https:\/\/blogs.correiobraziliense.com.br\/vicente\/wp-json\/wp\/v2\/users\/22"}],"replies":[{"embeddable":true,"href":"https:\/\/blogs.correiobraziliense.com.br\/vicente\/wp-json\/wp\/v2\/comments?post=877"}],"version-history":[{"count":3,"href":"https:\/\/blogs.correiobraziliense.com.br\/vicente\/wp-json\/wp\/v2\/posts\/877\/revisions"}],"predecessor-version":[{"id":1200,"href":"https:\/\/blogs.correiobraziliense.com.br\/vicente\/wp-json\/wp\/v2\/posts\/877\/revisions\/1200"}],"wp:attachment":[{"href":"https:\/\/blogs.correiobraziliense.com.br\/vicente\/wp-json\/wp\/v2\/media?parent=877"}],"wp:term":[{"taxonomy":"category","embeddable":true,"href":"https:\/\/blogs.correiobraziliense.com.br\/vicente\/wp-json\/wp\/v2\/categories?post=877"},{"taxonomy":"post_tag","embeddable":true,"href":"https:\/\/blogs.correiobraziliense.com.br\/vicente\/wp-json\/wp\/v2\/tags?post=877"}],"curies":[{"name":"wp","href":"https:\/\/api.w.org\/{rel}","templated":true}]}}