{"id":8769,"date":"2018-07-19T20:45:33","date_gmt":"2018-07-19T23:45:33","guid":{"rendered":"https:\/\/blogs.correiobraziliense.com.br\/vicente\/?p=8769"},"modified":"2018-07-19T21:23:13","modified_gmt":"2018-07-20T00:23:13","slug":"contra-ciro-palacio-do-planalto-deixou-meirelles-deriva","status":"publish","type":"post","link":"https:\/\/blogs.correiobraziliense.com.br\/vicente\/contra-ciro-palacio-do-planalto-deixou-meirelles-deriva\/","title":{"rendered":"Contra Ciro, Pal\u00e1cio do Planalto deixou Meirelles \u00e0 deriva"},"content":{"rendered":"<h2>Para inviabilizar a alian\u00e7a entre o Centr\u00e3o (PR, PP, DEM e PRB) e Ciro Gomes (PDT), o Pal\u00e1cio do Planalto deixou seu candidato oficial \u00e0 deriva. O ex-ministro da Fazenda Henrique Meirelles ter\u00e1 que fazer voo solo na disputa pela Presid\u00eancia da Rep\u00fablica. O que todos est\u00e3o se perguntando \u00e9: at\u00e9 onde ir\u00e1 o apoio do MDB a Meirelles.<\/h2>\n<p>&nbsp;<\/p>\n<p>Nos \u00faltimos dias, o presidente Michel Temer agiu nos bastidores para\u00a0 barrar a parceria do Centr\u00e3o com Ciro. Amea\u00e7ou tirar os cargos de todos os aliados que decidissem caminhar nas elei\u00e7\u00f5es ao lado do pedetista. Temer n\u00e3o perdoa Ciro, que o chamou de &#8220;quadrilheiro&#8221; e disse que o presidente &#8220;ser\u00e1 preso assim que sair do governo&#8221;.<\/p>\n<p>&nbsp;<\/p>\n<p>Meirelles nunca esperou uma alian\u00e7a com o Centr\u00e3o. Mas, com esse grupo migrando para os lados de Geraldo Alckmin (PSDB), ficar\u00e1 mais dif\u00edcil atrair os votos mais moderados. Alckmin ganhou muita musculatura. Sua exposi\u00e7\u00e3o, sobretudo quando come\u00e7ar a campanha na tev\u00ea, ser\u00e1 enorme. Al\u00e9m disso, o tucano ter\u00e1 amplos palanques estaduais.<\/p>\n<p>&nbsp;<\/p>\n<p>Meirelles, que est\u00e1 estagnado entre 1% e 2% nas pesquisas de inten\u00e7\u00e3o de voto, depender\u00e1 muito do empenho dos diret\u00f3rios nacionais do MDB. O problema \u00e9 que, dentro do partido, h\u00e1 grupos que n\u00e3o aceitam sua candidatura. \u00c9 o caso da ala chefiada pelo senador Renan Calheiros, de Alagoas, que passou a atacar o correligion\u00e1rio publicamente.<\/p>\n<p>&nbsp;<\/p>\n<p>Ser\u00e1 que Meirelles conseguir\u00e1 superar as desaven\u00e7as at\u00e9 as conven\u00e7\u00f5es do MDB, marcada para 2 de agosto? At\u00e9 l\u00e1, ter\u00e1 que gastar muito dinheiro e saliva para convencer um partido fisiol\u00f3gico de que \u00e9 o melhor nome para disputar o comando do pa\u00eds. Ele garante que j\u00e1 tem a maioria dos votos dos diret\u00f3rios.<\/p>\n<p>&nbsp;<\/p>\n<p>Meirelles tem um trunfo a seu favor: ningu\u00e9m quer alian\u00e7a com o MDB, devido \u00e0 enorme rejei\u00e7\u00e3o a Temer. Isso afasta poss\u00edveis aliados. Todas as pesquisas mostram que ningu\u00e9m aceita votar no candidato apoiado por Temer. O ex-ministro acredita que pode se descolar do ex-chefe, por ter uma imagem de t\u00e9cnico e por ter atuado no governo Lula. \u00c9 muita confian\u00e7a.<\/p>\n<p>&nbsp;<\/p>\n<p><em>Bras\u00edlia, 20h45min<\/em><\/p>\n","protected":false},"excerpt":{"rendered":"<p>Para inviabilizar a alian\u00e7a entre o Centr\u00e3o (PR, PP, DEM e PRB) e Ciro Gomes (PDT), o Pal\u00e1cio do Planalto deixou seu candidato oficial \u00e0 deriva. O ex-ministro da Fazenda Henrique Meirelles ter\u00e1 que fazer voo solo na disputa pela Presid\u00eancia da Rep\u00fablica. O que todos est\u00e3o se perguntando \u00e9: at\u00e9 onde ir\u00e1 o apoio [&hellip;]<\/p>\n","protected":false},"author":22,"featured_media":0,"comment_status":"open","ping_status":"closed","sticky":false,"template":"","format":"standard","meta":{"footnotes":""},"categories":[600],"tags":[3014,659,3436,3012,2432,125],"class_list":["post-8769","post","type-post","status-publish","format-standard","hentry","category-economia","tag-alckmin","tag-centrao","tag-ciro","tag-mdb","tag-meirelles","tag-temer"],"_links":{"self":[{"href":"https:\/\/blogs.correiobraziliense.com.br\/vicente\/wp-json\/wp\/v2\/posts\/8769","targetHints":{"allow":["GET"]}}],"collection":[{"href":"https:\/\/blogs.correiobraziliense.com.br\/vicente\/wp-json\/wp\/v2\/posts"}],"about":[{"href":"https:\/\/blogs.correiobraziliense.com.br\/vicente\/wp-json\/wp\/v2\/types\/post"}],"author":[{"embeddable":true,"href":"https:\/\/blogs.correiobraziliense.com.br\/vicente\/wp-json\/wp\/v2\/users\/22"}],"replies":[{"embeddable":true,"href":"https:\/\/blogs.correiobraziliense.com.br\/vicente\/wp-json\/wp\/v2\/comments?post=8769"}],"version-history":[{"count":1,"href":"https:\/\/blogs.correiobraziliense.com.br\/vicente\/wp-json\/wp\/v2\/posts\/8769\/revisions"}],"predecessor-version":[{"id":8770,"href":"https:\/\/blogs.correiobraziliense.com.br\/vicente\/wp-json\/wp\/v2\/posts\/8769\/revisions\/8770"}],"wp:attachment":[{"href":"https:\/\/blogs.correiobraziliense.com.br\/vicente\/wp-json\/wp\/v2\/media?parent=8769"}],"wp:term":[{"taxonomy":"category","embeddable":true,"href":"https:\/\/blogs.correiobraziliense.com.br\/vicente\/wp-json\/wp\/v2\/categories?post=8769"},{"taxonomy":"post_tag","embeddable":true,"href":"https:\/\/blogs.correiobraziliense.com.br\/vicente\/wp-json\/wp\/v2\/tags?post=8769"}],"curies":[{"name":"wp","href":"https:\/\/api.w.org\/{rel}","templated":true}]}}