{"id":8759,"date":"2018-07-19T20:33:14","date_gmt":"2018-07-19T23:33:14","guid":{"rendered":"https:\/\/blogs.correiobraziliense.com.br\/vicente\/?p=8759"},"modified":"2018-07-19T20:57:52","modified_gmt":"2018-07-19T23:57:52","slug":"para-nao-encolher-ciro-depende-cada-vez-mais-do-psb","status":"publish","type":"post","link":"https:\/\/blogs.correiobraziliense.com.br\/vicente\/para-nao-encolher-ciro-depende-cada-vez-mais-do-psb\/","title":{"rendered":"Para n\u00e3o encolher, Ciro depende cada vez mais do PSB"},"content":{"rendered":"<h2>A candidatura de Ciro Gomes (PDT) ficou mais dependente do que nunca do PSB. Com o Centr\u00e3o (PR, DEM, PP e PRB) fechando com Geraldo Alckmin (PSDB), o pedetista ter\u00e1 que\u00a0acertar alian\u00e7a com o PSB para n\u00e3o ficar menor. Sem alian\u00e7as de peso, Ciro ter\u00e1 pouco tempo de tev\u00ea, apenas um minuto, o que pode comprometer seus planos de chegar ao segundo turno das elei\u00e7\u00f5es.<\/h2>\n<p>&nbsp;<\/p>\n<p>Ciro estava apostando todas as fichas num acerto com os partidos de centro para refor\u00e7ar sua trajet\u00f3ria\u00a0rumo \u00e0 Presid\u00eancia da Rep\u00fablica. Chegou ao ponto de aliviar seu discurso para tentar atrair os partidos que, juntos, t\u00eam mais de tr\u00eas minutos de tev\u00ea. Nas negocia\u00e7\u00f5es, ganhou um aliado de peso, o presidente da C\u00e2mara, Rodrigo Maia, do DEM.<\/p>\n<p>&nbsp;<\/p>\n<p>Mas, com a ades\u00e3o do PR de Valdemar Costa Neto ao Bloc\u00e3o, a alian\u00e7a com Ciro ficou mais dif\u00edcil. Valdemar considera Ciro de dif\u00edcil manejo e temia que o candidato, por seu temperamento explosivo, acabasse minando a pr\u00f3pria candidatura. Com isso, o Central morreria na praia e sairia mais enfraquecido para fechar uma nova alian\u00e7a no segundo turno.<\/p>\n<p>&nbsp;<\/p>\n<p>O Centr\u00e3o n\u00e3o brinca em servi\u00e7o. Seu objetivo, com a alian\u00e7a, \u00e9 garantir um bom naco no governo vencedor. Comandar minist\u00e9rios e estatais importantes. Para Alckmin, mesmo ciente da gula do Centr\u00e3o, a alian\u00e7a \u00e9 a \u00fanica op\u00e7\u00e3o para que ele consiga se movimentar nas pesquisas de inten\u00e7\u00e3o de votos, nas quais est\u00e1 estagnado entre 6% e 8%, dependendo do levantamento.<\/p>\n<p>&nbsp;<\/p>\n<p>Caso consiga fechar com o PSB, Ciro garantir\u00e1 dois minutos e 30 segundos de tev\u00ea. Ser\u00e1 um alento e tanto. Nesta sexta-feira (20\/07), o pedetista ser\u00e1 sacramentado como candidato do PDT \u00e0 Presid\u00eancia da Rep\u00fablica. Mas o an\u00fancio perdeu impacto com o candidato sem uma alian\u00e7a forte para caminhar at\u00e9 outubro pr\u00f3ximo.<\/p>\n<p>&nbsp;<\/p>\n<p>Para fechar com o PSB, Ciro ter\u00e1 que superar um empecilho de peso, o PT, que trabalha pesado para que a alian\u00e7a com o pedetista n\u00e3o saia. A press\u00e3o do PT \u00e9 para que o PSB se mantenha neutro.<\/p>\n<p>&nbsp;<\/p>\n<p><em>Bras\u00edlia, 20h33min<\/em><\/p>\n","protected":false},"excerpt":{"rendered":"<p>A candidatura de Ciro Gomes (PDT) ficou mais dependente do que nunca do PSB. Com o Centr\u00e3o (PR, DEM, PP e PRB) fechando com Geraldo Alckmin (PSDB), o pedetista ter\u00e1 que\u00a0acertar alian\u00e7a com o PSB para n\u00e3o ficar menor. Sem alian\u00e7as de peso, Ciro ter\u00e1 pouco tempo de tev\u00ea, apenas um minuto, o que pode [&hellip;]<\/p>\n","protected":false},"author":22,"featured_media":0,"comment_status":"open","ping_status":"closed","sticky":false,"template":"","format":"standard","meta":{"footnotes":""},"categories":[600],"tags":[3546,659,2412,2605,3547],"class_list":["post-8759","post","type-post","status-publish","format-standard","hentry","category-economia","tag-alianca","tag-centrao","tag-ciro-gomes","tag-psb","tag-tempo-de-teve"],"_links":{"self":[{"href":"https:\/\/blogs.correiobraziliense.com.br\/vicente\/wp-json\/wp\/v2\/posts\/8759","targetHints":{"allow":["GET"]}}],"collection":[{"href":"https:\/\/blogs.correiobraziliense.com.br\/vicente\/wp-json\/wp\/v2\/posts"}],"about":[{"href":"https:\/\/blogs.correiobraziliense.com.br\/vicente\/wp-json\/wp\/v2\/types\/post"}],"author":[{"embeddable":true,"href":"https:\/\/blogs.correiobraziliense.com.br\/vicente\/wp-json\/wp\/v2\/users\/22"}],"replies":[{"embeddable":true,"href":"https:\/\/blogs.correiobraziliense.com.br\/vicente\/wp-json\/wp\/v2\/comments?post=8759"}],"version-history":[{"count":9,"href":"https:\/\/blogs.correiobraziliense.com.br\/vicente\/wp-json\/wp\/v2\/posts\/8759\/revisions"}],"predecessor-version":[{"id":8768,"href":"https:\/\/blogs.correiobraziliense.com.br\/vicente\/wp-json\/wp\/v2\/posts\/8759\/revisions\/8768"}],"wp:attachment":[{"href":"https:\/\/blogs.correiobraziliense.com.br\/vicente\/wp-json\/wp\/v2\/media?parent=8759"}],"wp:term":[{"taxonomy":"category","embeddable":true,"href":"https:\/\/blogs.correiobraziliense.com.br\/vicente\/wp-json\/wp\/v2\/categories?post=8759"},{"taxonomy":"post_tag","embeddable":true,"href":"https:\/\/blogs.correiobraziliense.com.br\/vicente\/wp-json\/wp\/v2\/tags?post=8759"}],"curies":[{"name":"wp","href":"https:\/\/api.w.org\/{rel}","templated":true}]}}