{"id":8746,"date":"2018-07-19T18:01:09","date_gmt":"2018-07-19T21:01:09","guid":{"rendered":"https:\/\/blogs.correiobraziliense.com.br\/vicente\/?p=8746"},"modified":"2018-07-19T20:18:20","modified_gmt":"2018-07-19T23:18:20","slug":"com-centrao-mais-proximo-de-alckmin-petrobras-sobe-r-58-bi-em-menos-de-meia-hora","status":"publish","type":"post","link":"https:\/\/blogs.correiobraziliense.com.br\/vicente\/com-centrao-mais-proximo-de-alckmin-petrobras-sobe-r-58-bi-em-menos-de-meia-hora\/","title":{"rendered":"Com Centr\u00e3o mais pr\u00f3ximo de Alckmin, Petrobras sobe R$ 5,8 bi em menos de meia hora"},"content":{"rendered":"<h2>O mercado financeiro reagiu com euforia diante da possibilidade de o Centr\u00e3o fechar com a candidatura de Geraldo Alckmin (PSDB) \u00e0 Presid\u00eancia da Rep\u00fablica. Em menos de meia hora, as a\u00e7\u00f5es da Petrobras se valorizaram R$ 5,8 bilh\u00f5es, indicando que os investidores est\u00e3o deixando o pessimismo de lado e come\u00e7am a ver a possibilidade de o tucano chegar ao segundo turno das elei\u00e7\u00f5es com chance de vit\u00f3ria.<\/h2>\n<p>&nbsp;<\/p>\n<p>Com Alckmin no Pal\u00e1cio do Planalto, os donos do dinheiro acreditam que o governo n\u00e3o vai interferir na gest\u00e3o das estatais. Muito pelo contr\u00e1rio, haver\u00e1 a profissionaliza\u00e7\u00e3o das empresas consideradas estrat\u00e9gicas e privatiza\u00e7\u00e3o daquelas que d\u00e3o preju\u00edzos. A tend\u00eancia \u00e9 de que, confirmado o acordo entre o tucano e Alckmin, as a\u00e7\u00f5es da Petrobras, do Banco do Brasil e da Eletrobras, que est\u00e1 para ser vendida, disparem.<\/p>\n<p>&nbsp;<\/p>\n<p>Em cerca de 20 minutos, as a\u00e7\u00f5es preferencias (PN) da Petrobras subiram 3,1%, de R$ 17,90 para R$ 18,45. As ordin\u00e1rias, por sua vez,\u00a0passaram 1,80%, de R$ 20,52 para R$ 20,89. &#8220;Em quest\u00e3o de segundos, houve uma corrida enorme em busca de pap\u00e9is da Petrobras&#8221;, disse um operador. &#8220;Um bom pren\u00fancio para a Bolsa&#8221;, afirmou.<\/p>\n<p>&nbsp;<\/p>\n<p>Diante da arrancada da Petrobras, o Ibovespa, \u00edndice que mede a lucratividade das a\u00e7\u00f5es mais negociadas na Bolsa de Valores de S\u00e3o Paulo (B3), que j\u00e1 vinha se recuperando por causa das declara\u00e7\u00f5es de Donald Trump, inverteu o passou a subir, fechando o dia com ligeira alta de 0,16%. O d\u00f3lar tamb\u00e9m reagiu bem tanto em rela\u00e7\u00e3o \u00e0s declara\u00e7\u00f5es de Trump, de que n\u00e3o est\u00e1 contante com a alta de juros nos Estados Unidos, quanto ao quase acerto entre o Centr\u00e3o e Alckmin.<\/p>\n<p>&nbsp;<\/p>\n<p>O maior temor dos investidores era de que o Centr\u00e3o, que engloba PR, DEM, PP, PRB e Solidariedade, fechasse com Ciro Gomes (PDT), que tem um discurso bem distante do que o mercado quer ouvir. Com\u00a0 tempo de tev\u00ea desses partidos, Ciro ficaria muito forte, com grande chance de sair vitorioso das urnas.<\/p>\n","protected":false},"excerpt":{"rendered":"<p>O mercado financeiro reagiu com euforia diante da possibilidade de o Centr\u00e3o fechar com a candidatura de Geraldo Alckmin (PSDB) \u00e0 Presid\u00eancia da Rep\u00fablica. Em menos de meia hora, as a\u00e7\u00f5es da Petrobras se valorizaram R$ 5,8 bilh\u00f5es, indicando que os investidores est\u00e3o deixando o pessimismo de lado e come\u00e7am a ver a possibilidade de [&hellip;]<\/p>\n","protected":false},"author":22,"featured_media":0,"comment_status":"open","ping_status":"closed","sticky":false,"template":"","format":"standard","meta":{"footnotes":""},"categories":[600],"tags":[3545,659,3436,3029,665,525,2965],"class_list":["post-8746","post","type-post","status-publish","format-standard","hentry","category-economia","tag-alckimin","tag-centrao","tag-ciro","tag-dem","tag-eleicoes","tag-pp","tag-pr"],"_links":{"self":[{"href":"https:\/\/blogs.correiobraziliense.com.br\/vicente\/wp-json\/wp\/v2\/posts\/8746","targetHints":{"allow":["GET"]}}],"collection":[{"href":"https:\/\/blogs.correiobraziliense.com.br\/vicente\/wp-json\/wp\/v2\/posts"}],"about":[{"href":"https:\/\/blogs.correiobraziliense.com.br\/vicente\/wp-json\/wp\/v2\/types\/post"}],"author":[{"embeddable":true,"href":"https:\/\/blogs.correiobraziliense.com.br\/vicente\/wp-json\/wp\/v2\/users\/22"}],"replies":[{"embeddable":true,"href":"https:\/\/blogs.correiobraziliense.com.br\/vicente\/wp-json\/wp\/v2\/comments?post=8746"}],"version-history":[{"count":12,"href":"https:\/\/blogs.correiobraziliense.com.br\/vicente\/wp-json\/wp\/v2\/posts\/8746\/revisions"}],"predecessor-version":[{"id":8758,"href":"https:\/\/blogs.correiobraziliense.com.br\/vicente\/wp-json\/wp\/v2\/posts\/8746\/revisions\/8758"}],"wp:attachment":[{"href":"https:\/\/blogs.correiobraziliense.com.br\/vicente\/wp-json\/wp\/v2\/media?parent=8746"}],"wp:term":[{"taxonomy":"category","embeddable":true,"href":"https:\/\/blogs.correiobraziliense.com.br\/vicente\/wp-json\/wp\/v2\/categories?post=8746"},{"taxonomy":"post_tag","embeddable":true,"href":"https:\/\/blogs.correiobraziliense.com.br\/vicente\/wp-json\/wp\/v2\/tags?post=8746"}],"curies":[{"name":"wp","href":"https:\/\/api.w.org\/{rel}","templated":true}]}}