{"id":8744,"date":"2018-07-19T17:20:22","date_gmt":"2018-07-19T20:20:22","guid":{"rendered":"https:\/\/blogs.correiobraziliense.com.br\/vicente\/?p=8744"},"modified":"2018-07-19T17:20:22","modified_gmt":"2018-07-19T20:20:22","slug":"psl-resiste-ao-nome-de-janaina-paschoal-para-vice-de-bolsonaro","status":"publish","type":"post","link":"https:\/\/blogs.correiobraziliense.com.br\/vicente\/psl-resiste-ao-nome-de-janaina-paschoal-para-vice-de-bolsonaro\/","title":{"rendered":"PSL resiste ao nome de Jana\u00edna Paschoal para vice de Bolsonaro"},"content":{"rendered":"<h2>BERNARDO BITTAR<\/h2>\n<h2><\/h2>\n<h2>Em entrevista ao <strong>Correio<\/strong>, a advogada Jana\u00edna Paschoal (PSL) negou o suposto convite do partido para ser vice de Jair Bolsonaro (PSL) na corrida pelo Planalto. Jana\u00edna foi uma das autoras do pedido de impeachment de ex-presidente Dilma Rousseff (PT) e, segundo especula\u00e7\u00f5es dos correligion\u00e1rios, ser\u00e1 a pr\u00f3xima aposta de legenda para vice. Longe de ser confirmada, a candidatura j\u00e1 causa debates internos.<\/h2>\n<p>&nbsp;<\/p>\n<p>O nome de Jana\u00edna surgiu ap\u00f3s as recusas do senador Magno Malta (PR) e do general Augusto Heleno (PRP) para ocupar o cargo. Nesta quarta-feira (19\/7), a advogada disse \u00e0 reportagem que &#8220;n\u00e3o foi convidada&#8221; pelo deputado e que soube dessa possibilidade pela imprensa. Ao ser questionada sobre sua presen\u00e7a no partido, afirmou que &#8220;n\u00e3o \u00e9&#8221; do PSL mas que, por enquanto, &#8220;est\u00e1&#8221; l\u00e1.<\/p>\n<p>&nbsp;<\/p>\n<p>Integrantes do partido dizem que o nome de Jana\u00edna Paschoal causa diverg\u00eancias internas. Uma parte dos liberais acredita que colocar uma mulher como vice de Bolsonaro pode amenizar a imagem do capit\u00e3o. A outra, no entanto, diz que as imagens de Jana\u00edna tomando achocolatado na comiss\u00e3o do impeachment (mostradas em um document\u00e1rio exibido recentemente nos cinemas) pode fazer com que ela seja ridicularizada e aumente a rejei\u00e7\u00e3o a Bolsonaro.<\/p>\n<p>&nbsp;<\/p>\n<p>L\u00edder nas pesquisas de inten\u00e7\u00e3o de voto que desconsideram a participa\u00e7\u00e3o do ex-presidente Luiz In\u00e1cio Lula da Silva (PT) nas elei\u00e7\u00f5es de outubro, Jair Bolsonaro pode acabar prejudicado ao formar uma chapa-pura nas elei\u00e7\u00f5es. O PSL tem apenas 7 segundos di\u00e1rios de tempo de tev\u00ea. Sem alian\u00e7as, poder\u00e1 ficar sem tempo suficiente para apresentar suas ideias na telinha.<\/p>\n<p>&nbsp;<\/p>\n<p>Jair Bolsonaro costuma apresentar suas opini\u00f5es nas redes sociais, onde acumula milh\u00f5es de seguidores. Apenas no Twitter, s\u00e3o 1,2 milh\u00e3o. &#8220;Meu eleitor \u00e9 jovem, a conversa com ele ocorre nas redes sociais&#8221;, chegou a declarar o deputado nos primeiros eventos que participou como pr\u00e9-candidato \u00e0 Presid\u00eancia da Rep\u00fablica.<\/p>\n<p>&nbsp;<\/p>\n<p>A assessoria de Jair Bolsonaro disse que, embora Jana\u00edna seja um dos nomes que o partido t\u00eam em mente, h\u00e1 outras op\u00e7\u00f5es antes de um eventual convite.<\/p>\n","protected":false},"excerpt":{"rendered":"<p>BERNARDO BITTAR Em entrevista ao Correio, a advogada Jana\u00edna Paschoal (PSL) negou o suposto convite do partido para ser vice de Jair Bolsonaro (PSL) na corrida pelo Planalto. Jana\u00edna foi uma das autoras do pedido de impeachment de ex-presidente Dilma Rousseff (PT) e, segundo especula\u00e7\u00f5es dos correligion\u00e1rios, ser\u00e1 a pr\u00f3xima aposta de legenda para vice. [&hellip;]<\/p>\n","protected":false},"author":22,"featured_media":0,"comment_status":"open","ping_status":"closed","sticky":false,"template":"","format":"standard","meta":{"footnotes":""},"categories":[600],"tags":[],"class_list":["post-8744","post","type-post","status-publish","format-standard","hentry","category-economia"],"_links":{"self":[{"href":"https:\/\/blogs.correiobraziliense.com.br\/vicente\/wp-json\/wp\/v2\/posts\/8744","targetHints":{"allow":["GET"]}}],"collection":[{"href":"https:\/\/blogs.correiobraziliense.com.br\/vicente\/wp-json\/wp\/v2\/posts"}],"about":[{"href":"https:\/\/blogs.correiobraziliense.com.br\/vicente\/wp-json\/wp\/v2\/types\/post"}],"author":[{"embeddable":true,"href":"https:\/\/blogs.correiobraziliense.com.br\/vicente\/wp-json\/wp\/v2\/users\/22"}],"replies":[{"embeddable":true,"href":"https:\/\/blogs.correiobraziliense.com.br\/vicente\/wp-json\/wp\/v2\/comments?post=8744"}],"version-history":[{"count":1,"href":"https:\/\/blogs.correiobraziliense.com.br\/vicente\/wp-json\/wp\/v2\/posts\/8744\/revisions"}],"predecessor-version":[{"id":8745,"href":"https:\/\/blogs.correiobraziliense.com.br\/vicente\/wp-json\/wp\/v2\/posts\/8744\/revisions\/8745"}],"wp:attachment":[{"href":"https:\/\/blogs.correiobraziliense.com.br\/vicente\/wp-json\/wp\/v2\/media?parent=8744"}],"wp:term":[{"taxonomy":"category","embeddable":true,"href":"https:\/\/blogs.correiobraziliense.com.br\/vicente\/wp-json\/wp\/v2\/categories?post=8744"},{"taxonomy":"post_tag","embeddable":true,"href":"https:\/\/blogs.correiobraziliense.com.br\/vicente\/wp-json\/wp\/v2\/tags?post=8744"}],"curies":[{"name":"wp","href":"https:\/\/api.w.org\/{rel}","templated":true}]}}