{"id":8740,"date":"2018-07-19T09:01:34","date_gmt":"2018-07-19T12:01:34","guid":{"rendered":"https:\/\/blogs.correiobraziliense.com.br\/vicente\/?p=8740"},"modified":"2018-07-19T11:56:16","modified_gmt":"2018-07-19T14:56:16","slug":"bolsonaro-nosso-partido","status":"publish","type":"post","link":"https:\/\/blogs.correiobraziliense.com.br\/vicente\/bolsonaro-nosso-partido\/","title":{"rendered":"&#8220;Nosso partido \u00e9 o povo&#8221;, diz Bolsonaro sobre rejei\u00e7\u00e3o de partidos a alian\u00e7as"},"content":{"rendered":"<h2>O deputado Jair Bolsonaro (PSL) resolveu reagir ao isolamento a que est\u00e1 sendo imposto pelos partidos que se recusam a fazerem alian\u00e7as com ele. Por meio do Twitter, ele disparou: \u201cO nosso partido \u00e9 o povo e n\u00e3o os l\u00edderes partid\u00e1rios que representam o atual sistema no Brasil\u201d. O capit\u00e3o do Ex\u00e9rcito acredita que pode at\u00e9 se beneficiar com o distanciamento de pol\u00edticas tradicionais, muitos acusados de corrup\u00e7\u00e3o.<\/h2>\n<p>&nbsp;<\/p>\n<p>O primeiro partido a rejeitar Bolsonaro foi o PR, comandado por Valdemar Costa Neto, que j\u00e1 esteve na pris\u00e3o por corrup\u00e7\u00e3o no mensal\u00e3o do governo PT. O segundo a rejeitar a alian\u00e7a foi o PRP, que est\u00e1 aliado ao PT da Bahia. O PT tem seu maior l\u00edder, Lula, preso em Curitiba tamb\u00e9m por corrup\u00e7\u00e3o.<\/p>\n<p>&nbsp;<\/p>\n<p>Para tentar reverter o pessimismo com sua campanha, Bolsonaro disse\u00a0que \u201cjamais\u201d se comprometeu com os partidos que rejeitaram alian\u00e7as com ele nos \u00faltimos dias. O capit\u00e3o acredita que se manter\u00e1 l\u00edder nas pr\u00f3ximas pesquisas de inten\u00e7\u00e3o de votos e que, mesmo com oito segundos de tempo na tev\u00ea durante a campanha, tende a crescer na prefer\u00eancia do eleitorado.<\/p>\n<p>&nbsp;<\/p>\n<p>Bolsonaro se gaba de j\u00e1 ter dobrado o mercado financeiro, que, num eventual segundo turno com Ciro Gomes (PTD) ou Fernando Haddad (PT), tenderia a apoi\u00e1-lo. Pesquisa recente da XP Investimentos aponta que 49% dos investidores consultados pela institui\u00e7\u00e3o acreditam que Bolsonaro ser\u00e1 o vencedor na disputa pela Presid\u00eancia da Rep\u00fablica.<\/p>\n<p>&nbsp;<\/p>\n<p>O PSL selar\u00e1 a candidatura de Bolsonaro em conven\u00e7\u00e3o no domingo (22\/07). \u00c9 poss\u00edvel que ele j\u00e1 anuncie seu vice. As duas op\u00e7\u00f5es neste momento seriam Luciano Bivar, presidente do partido, ou a advogada Janaina Paschoal, que defendeu o impeachment de Dilma Rousseff.<\/p>\n<p>&nbsp;<\/p>\n<p><em>Bras\u00edlia, 09h01min<\/em><\/p>\n","protected":false},"excerpt":{"rendered":"<p>O deputado Jair Bolsonaro (PSL) resolveu reagir ao isolamento a que est\u00e1 sendo imposto pelos partidos que se recusam a fazerem alian\u00e7as com ele. Por meio do Twitter, ele disparou: \u201cO nosso partido \u00e9 o povo e n\u00e3o os l\u00edderes partid\u00e1rios que representam o atual sistema no Brasil\u201d. O capit\u00e3o do Ex\u00e9rcito acredita que pode [&hellip;]<\/p>\n","protected":false},"author":22,"featured_media":0,"comment_status":"open","ping_status":"closed","sticky":false,"template":"","format":"standard","meta":{"footnotes":""},"categories":[600],"tags":[],"class_list":["post-8740","post","type-post","status-publish","format-standard","hentry","category-economia"],"_links":{"self":[{"href":"https:\/\/blogs.correiobraziliense.com.br\/vicente\/wp-json\/wp\/v2\/posts\/8740","targetHints":{"allow":["GET"]}}],"collection":[{"href":"https:\/\/blogs.correiobraziliense.com.br\/vicente\/wp-json\/wp\/v2\/posts"}],"about":[{"href":"https:\/\/blogs.correiobraziliense.com.br\/vicente\/wp-json\/wp\/v2\/types\/post"}],"author":[{"embeddable":true,"href":"https:\/\/blogs.correiobraziliense.com.br\/vicente\/wp-json\/wp\/v2\/users\/22"}],"replies":[{"embeddable":true,"href":"https:\/\/blogs.correiobraziliense.com.br\/vicente\/wp-json\/wp\/v2\/comments?post=8740"}],"version-history":[{"count":3,"href":"https:\/\/blogs.correiobraziliense.com.br\/vicente\/wp-json\/wp\/v2\/posts\/8740\/revisions"}],"predecessor-version":[{"id":8743,"href":"https:\/\/blogs.correiobraziliense.com.br\/vicente\/wp-json\/wp\/v2\/posts\/8740\/revisions\/8743"}],"wp:attachment":[{"href":"https:\/\/blogs.correiobraziliense.com.br\/vicente\/wp-json\/wp\/v2\/media?parent=8740"}],"wp:term":[{"taxonomy":"category","embeddable":true,"href":"https:\/\/blogs.correiobraziliense.com.br\/vicente\/wp-json\/wp\/v2\/categories?post=8740"},{"taxonomy":"post_tag","embeddable":true,"href":"https:\/\/blogs.correiobraziliense.com.br\/vicente\/wp-json\/wp\/v2\/tags?post=8740"}],"curies":[{"name":"wp","href":"https:\/\/api.w.org\/{rel}","templated":true}]}}