{"id":8734,"date":"2018-07-18T17:55:05","date_gmt":"2018-07-18T20:55:05","guid":{"rendered":"https:\/\/blogs.correiobraziliense.com.br\/vicente\/?p=8734"},"modified":"2018-07-18T17:55:05","modified_gmt":"2018-07-18T20:55:05","slug":"procura-por-viagens-croacia-dispara-244-com-copa-do-mundo","status":"publish","type":"post","link":"https:\/\/blogs.correiobraziliense.com.br\/vicente\/procura-por-viagens-croacia-dispara-244-com-copa-do-mundo\/","title":{"rendered":"Procura por viagens \u00e0 Cro\u00e1cia dispara 244% com Copa do Mundo"},"content":{"rendered":"<h2>HAMILTON FERRARI<\/h2>\n<h2><\/h2>\n<h2>O bom desempenho da sele\u00e7\u00e3o da Cro\u00e1cia na Copa do Mundo de 2018 fez com que a busca por viagens ao pa\u00eds subissem 244% no Brasil, segundo levantamento do Kayak. A pesquisa foi realizada no dia 15 de julho, data da final do Mundial.<\/h2>\n<p>&nbsp;<\/p>\n<p>Tradicionalmente, a na\u00e7\u00e3o n\u00e3o estava no radar dos turistas brasileiros. J\u00e1 a Fran\u00e7a, que \u00e9 sonho de muitos viajantes do Brasil, n\u00e3o teve um bom desempenho. O n\u00famero de interessados em ir para o territ\u00f3rio do campe\u00e3o do Mundial caiu, registrando 7% abaixo da m\u00e9dia de 2018. S\u00e3o Paulo, Rio de Janeiro, Paran\u00e1, Rio Grande do Sul e Distrito Federal foram as unidades da federa\u00e7\u00e3o que mais procuraram destinos croatas.<\/p>\n<p>&nbsp;<\/p>\n<p><em>Bras\u00edlia, 17h52min<\/em><\/p>\n","protected":false},"excerpt":{"rendered":"<p>HAMILTON FERRARI O bom desempenho da sele\u00e7\u00e3o da Cro\u00e1cia na Copa do Mundo de 2018 fez com que a busca por viagens ao pa\u00eds subissem 244% no Brasil, segundo levantamento do Kayak. A pesquisa foi realizada no dia 15 de julho, data da final do Mundial. &nbsp; Tradicionalmente, a na\u00e7\u00e3o n\u00e3o estava no radar dos [&hellip;]<\/p>\n","protected":false},"author":22,"featured_media":0,"comment_status":"open","ping_status":"closed","sticky":false,"template":"","format":"standard","meta":{"footnotes":""},"categories":[600],"tags":[3476,3544,3543,668],"class_list":["post-8734","post","type-post","status-publish","format-standard","hentry","category-economia","tag-copa","tag-croacia","tag-kayak","tag-viagem"],"_links":{"self":[{"href":"https:\/\/blogs.correiobraziliense.com.br\/vicente\/wp-json\/wp\/v2\/posts\/8734","targetHints":{"allow":["GET"]}}],"collection":[{"href":"https:\/\/blogs.correiobraziliense.com.br\/vicente\/wp-json\/wp\/v2\/posts"}],"about":[{"href":"https:\/\/blogs.correiobraziliense.com.br\/vicente\/wp-json\/wp\/v2\/types\/post"}],"author":[{"embeddable":true,"href":"https:\/\/blogs.correiobraziliense.com.br\/vicente\/wp-json\/wp\/v2\/users\/22"}],"replies":[{"embeddable":true,"href":"https:\/\/blogs.correiobraziliense.com.br\/vicente\/wp-json\/wp\/v2\/comments?post=8734"}],"version-history":[{"count":2,"href":"https:\/\/blogs.correiobraziliense.com.br\/vicente\/wp-json\/wp\/v2\/posts\/8734\/revisions"}],"predecessor-version":[{"id":8736,"href":"https:\/\/blogs.correiobraziliense.com.br\/vicente\/wp-json\/wp\/v2\/posts\/8734\/revisions\/8736"}],"wp:attachment":[{"href":"https:\/\/blogs.correiobraziliense.com.br\/vicente\/wp-json\/wp\/v2\/media?parent=8734"}],"wp:term":[{"taxonomy":"category","embeddable":true,"href":"https:\/\/blogs.correiobraziliense.com.br\/vicente\/wp-json\/wp\/v2\/categories?post=8734"},{"taxonomy":"post_tag","embeddable":true,"href":"https:\/\/blogs.correiobraziliense.com.br\/vicente\/wp-json\/wp\/v2\/tags?post=8734"}],"curies":[{"name":"wp","href":"https:\/\/api.w.org\/{rel}","templated":true}]}}