{"id":8730,"date":"2018-07-18T12:40:45","date_gmt":"2018-07-18T15:40:45","guid":{"rendered":"https:\/\/blogs.correiobraziliense.com.br\/vicente\/?p=8730"},"modified":"2018-07-18T13:22:52","modified_gmt":"2018-07-18T16:22:52","slug":"diante-de-ataque-de-renan-meirelles-atira-tenho-biografia-limpa","status":"publish","type":"post","link":"https:\/\/blogs.correiobraziliense.com.br\/vicente\/diante-de-ataque-de-renan-meirelles-atira-tenho-biografia-limpa\/","title":{"rendered":"Diante de ataque de Renan, Meirelles atira: &#8220;Tenho biografia limpa&#8221;"},"content":{"rendered":"<h2>BERNARDO BITTAR<\/h2>\n<h2><\/h2>\n<h2>Presidenci\u00e1vel do MDB, Henrique Meirelles partiu para o ataque contra o senador Renan Calheiros, que prometeu derrubar a candidatura do ex-ministro da Fazenda, apoiada pelo presidente Michel Temer. Renan diz que vai ligar para todos os integrantes dos diret\u00f3rios do MDB na tentativa de convenc\u00ea-los a rejeitarem a indica\u00e7\u00e3o de Meirelles para a corrida ao Pal\u00e1cio do Planalto.<\/h2>\n<p>&nbsp;<\/p>\n<p>&#8220;Tenho ouvido que essa opini\u00e3o manifestada pelo senador me favorece, pois mostra um combate de biografias. A minha \u00e9 limpa. Fui presidente do Banco Central, ajudei os brasileiros a sa\u00edrem da pobreza. No Minist\u00e9rio da Fazenda, tirei o Brasil da maior recess\u00e3o. Tenho uma carreira inquestion\u00e1vel&#8221;, afirma Meirelles. Renan \u00e9 investigado pela Pol\u00edcia Federal por den\u00fancias de corrup\u00e7\u00e3o no \u00e2mbito da Opera\u00e7\u00e3o Lava-Jato. H\u00e1 v\u00e1rios processos abertos contra ele no Supremo Tribunal Federal (STF).<\/p>\n<p>&nbsp;<\/p>\n<p>Para Meirelles, diverg\u00eancia desse tipo \u00e9 bom. Segundo ele,\u00a0os ataques de Renan \u00e0 candidatura dele &#8220;incentivam o trabalho e o debate de opini\u00f5es&#8221;. O ex-ministro vai al\u00e9m: &#8220;N\u00e3o somos o partido de um dono, \u00e9 importante que isso seja incentivado, e o MDB tem isso. N\u00f3s temos maioria nos estados. Ontem (17\/07), estive no Rio de Janeiro reunido com o diret\u00f3rio do MDB, que me incentivou a ser candidato. Temos a vasta maioria dos votos para minha candidatura&#8221;.<\/p>\n<p>&nbsp;<\/p>\n<p>Renan diz que Meirelles \u00e9 o candidato dos banqueiros e que o ex-ministro tem atributos para ser presidente da Febraban, a associa\u00e7\u00e3o que re\u00fane os bancos. Ele ressalta que o candidato do MDB est\u00e1 a favor de &#8220;quem faz coisa errada&#8221;. Por tr\u00e1s de todas as criticas a Meirelles, est\u00e1 o embate de Renan com o presidente Temer.<\/p>\n<p>&nbsp;<\/p>\n<p>Meirelles sabe que n\u00e3o ser\u00e1 f\u00e1cil encarar o tiroteio disparado contra ele pelo senador alagoano.\u00a0 Mas garante que est\u00e1 na luta. &#8220;Tenho grande seguran\u00e7a de que serei escolhido pelo MDB como candidato \u00e0 Presid\u00eancia. Tenho o apoio da grande maioria. O que j\u00e1 tenho feito \u00e9 defender o trabalho que fizemos, que \u00e9 inquestion\u00e1vel. Criamos vagas e postos de trabalho, melhoramos a economia e vamos fazer mais. Com quatro anos de governo ser\u00e1 um trabalho bem feito. Vamos chegar l\u00e1&#8221;, afirma.<\/p>\n<p>&nbsp;<\/p>\n<p>Bras\u00edlia,<\/p>\n","protected":false},"excerpt":{"rendered":"<p>BERNARDO BITTAR Presidenci\u00e1vel do MDB, Henrique Meirelles partiu para o ataque contra o senador Renan Calheiros, que prometeu derrubar a candidatura do ex-ministro da Fazenda, apoiada pelo presidente Michel Temer. Renan diz que vai ligar para todos os integrantes dos diret\u00f3rios do MDB na tentativa de convenc\u00ea-los a rejeitarem a indica\u00e7\u00e3o de Meirelles para a [&hellip;]<\/p>\n","protected":false},"author":22,"featured_media":0,"comment_status":"open","ping_status":"closed","sticky":false,"template":"","format":"standard","meta":{"footnotes":""},"categories":[600],"tags":[],"class_list":["post-8730","post","type-post","status-publish","format-standard","hentry","category-economia"],"_links":{"self":[{"href":"https:\/\/blogs.correiobraziliense.com.br\/vicente\/wp-json\/wp\/v2\/posts\/8730","targetHints":{"allow":["GET"]}}],"collection":[{"href":"https:\/\/blogs.correiobraziliense.com.br\/vicente\/wp-json\/wp\/v2\/posts"}],"about":[{"href":"https:\/\/blogs.correiobraziliense.com.br\/vicente\/wp-json\/wp\/v2\/types\/post"}],"author":[{"embeddable":true,"href":"https:\/\/blogs.correiobraziliense.com.br\/vicente\/wp-json\/wp\/v2\/users\/22"}],"replies":[{"embeddable":true,"href":"https:\/\/blogs.correiobraziliense.com.br\/vicente\/wp-json\/wp\/v2\/comments?post=8730"}],"version-history":[{"count":1,"href":"https:\/\/blogs.correiobraziliense.com.br\/vicente\/wp-json\/wp\/v2\/posts\/8730\/revisions"}],"predecessor-version":[{"id":8732,"href":"https:\/\/blogs.correiobraziliense.com.br\/vicente\/wp-json\/wp\/v2\/posts\/8730\/revisions\/8732"}],"wp:attachment":[{"href":"https:\/\/blogs.correiobraziliense.com.br\/vicente\/wp-json\/wp\/v2\/media?parent=8730"}],"wp:term":[{"taxonomy":"category","embeddable":true,"href":"https:\/\/blogs.correiobraziliense.com.br\/vicente\/wp-json\/wp\/v2\/categories?post=8730"},{"taxonomy":"post_tag","embeddable":true,"href":"https:\/\/blogs.correiobraziliense.com.br\/vicente\/wp-json\/wp\/v2\/tags?post=8730"}],"curies":[{"name":"wp","href":"https:\/\/api.w.org\/{rel}","templated":true}]}}