{"id":8728,"date":"2018-07-18T10:10:41","date_gmt":"2018-07-18T13:10:41","guid":{"rendered":"https:\/\/blogs.correiobraziliense.com.br\/vicente\/?p=8728"},"modified":"2018-07-18T11:18:46","modified_gmt":"2018-07-18T14:18:46","slug":"todos-querem-distancia-do-capitao-bolsonaro-na-campanha-presidencia","status":"publish","type":"post","link":"https:\/\/blogs.correiobraziliense.com.br\/vicente\/todos-querem-distancia-do-capitao-bolsonaro-na-campanha-presidencia\/","title":{"rendered":"Todos querem dist\u00e2ncia do capit\u00e3o Bolsonaro na campanha \u00e0 Presid\u00eancia"},"content":{"rendered":"<h2>O deputado Jair Bolsonaro lidera as pesquisas de inten\u00e7\u00e3o de votos, mas n\u00e3o consegue fechar alian\u00e7as com nenhum partido para dar musculatura a sua disputa \u00e0 Presid\u00eancia da Rep\u00fablica. Depois de flertar com o PR, de Valdemar Costa Neto, que lhe garantia mais 44 segundos na campanha na tev\u00ea (ele tem apenas oito segundos), o namoro desandou e o capit\u00e3o correu para o PRP, em busca do general reformado Augusto Heleno para vice. Nesse caso, Bolsonaro tamb\u00e9m morreu na praia. O PRF rejeitou a parceria.<\/h2>\n<p>&nbsp;<\/p>\n<p>\u00c9 vis\u00edvel a dificuldade do capital em formar alian\u00e7as. Motivo: a necessidade de ter total controle dos palanques estaduais. No caso do PR, mesmo o partido tendo chances de sair vitorioso em v\u00e1rios estados e no Distrito Federal, Bolsonaro quis impor seus nomes para as disputas. Valdemar, que de bobo n\u00e3o tem nada, deu um fora no capit\u00e3o e preferiu usar o capital de seu partido para obter vantagens em outras negocia\u00e7\u00f5es. O PR pode se juntar ao Centr\u00e3o (DEM, PP e Solidariedade) numa alian\u00e7a com Ciro Gomes ou Geraldo Alckmin, ou mesmo fechar com o PT.<\/p>\n<p>&nbsp;<\/p>\n<p>No PRP, do general Heleno, que j\u00e1 tinha acenado para Bolsonaro, a ordem foi se distanciar o capit\u00e3o. O partido \u00e9 aliado do PT na Bahia, onde d\u00e1 suporte do governador Ruy Costa, que tentar\u00e1 a reelei\u00e7\u00e3o. Ao general Heleno, restou ser candidato ao Senado pelo Distrito Federal.<\/p>\n<p>&nbsp;<\/p>\n<p>As op\u00e7\u00f5es de Bolsonaro por alian\u00e7as est\u00e3o se esgotando, Ele acredita que a sua forte presen\u00e7a nas m\u00eddias sociais pode compensar o pouqu\u00edssimo tempo de tev\u00ea. O PSL, seu partido, corre em busca de um vice. A lista inclui, por exemplo, a advogada Jana\u00edna Paschoal, filiada ao partido. A meta do PSL \u00e9 fechar o nome do vice at\u00e9 o o domingo, 22 de julho, quando ser\u00e1 realizada a conven\u00e7\u00e3o para lan\u00e7ar a candidatura de Bolsonaro ao Pal\u00e1cio do Planalto.<\/p>\n<p>&nbsp;<\/p>\n<p><em>Bras\u00edlia, 10h10min\u00a0\u00a0<\/em><\/p>\n","protected":false},"excerpt":{"rendered":"<p>O deputado Jair Bolsonaro lidera as pesquisas de inten\u00e7\u00e3o de votos, mas n\u00e3o consegue fechar alian\u00e7as com nenhum partido para dar musculatura a sua disputa \u00e0 Presid\u00eancia da Rep\u00fablica. Depois de flertar com o PR, de Valdemar Costa Neto, que lhe garantia mais 44 segundos na campanha na tev\u00ea (ele tem apenas oito segundos), o [&hellip;]<\/p>\n","protected":false},"author":22,"featured_media":0,"comment_status":"open","ping_status":"closed","sticky":false,"template":"","format":"standard","meta":{"footnotes":""},"categories":[600],"tags":[3540,2554,3542,2603,2965,3541],"class_list":["post-8728","post","type-post","status-publish","format-standard","hentry","category-economia","tag-aliancas","tag-bolsonaro","tag-general-heleno","tag-partidos","tag-pr","tag-prp"],"_links":{"self":[{"href":"https:\/\/blogs.correiobraziliense.com.br\/vicente\/wp-json\/wp\/v2\/posts\/8728","targetHints":{"allow":["GET"]}}],"collection":[{"href":"https:\/\/blogs.correiobraziliense.com.br\/vicente\/wp-json\/wp\/v2\/posts"}],"about":[{"href":"https:\/\/blogs.correiobraziliense.com.br\/vicente\/wp-json\/wp\/v2\/types\/post"}],"author":[{"embeddable":true,"href":"https:\/\/blogs.correiobraziliense.com.br\/vicente\/wp-json\/wp\/v2\/users\/22"}],"replies":[{"embeddable":true,"href":"https:\/\/blogs.correiobraziliense.com.br\/vicente\/wp-json\/wp\/v2\/comments?post=8728"}],"version-history":[{"count":1,"href":"https:\/\/blogs.correiobraziliense.com.br\/vicente\/wp-json\/wp\/v2\/posts\/8728\/revisions"}],"predecessor-version":[{"id":8729,"href":"https:\/\/blogs.correiobraziliense.com.br\/vicente\/wp-json\/wp\/v2\/posts\/8728\/revisions\/8729"}],"wp:attachment":[{"href":"https:\/\/blogs.correiobraziliense.com.br\/vicente\/wp-json\/wp\/v2\/media?parent=8728"}],"wp:term":[{"taxonomy":"category","embeddable":true,"href":"https:\/\/blogs.correiobraziliense.com.br\/vicente\/wp-json\/wp\/v2\/categories?post=8728"},{"taxonomy":"post_tag","embeddable":true,"href":"https:\/\/blogs.correiobraziliense.com.br\/vicente\/wp-json\/wp\/v2\/tags?post=8728"}],"curies":[{"name":"wp","href":"https:\/\/api.w.org\/{rel}","templated":true}]}}