{"id":8722,"date":"2018-07-17T18:10:20","date_gmt":"2018-07-17T21:10:20","guid":{"rendered":"https:\/\/blogs.correiobraziliense.com.br\/vicente\/?p=8722"},"modified":"2018-07-17T19:34:07","modified_gmt":"2018-07-17T22:34:07","slug":"tcu-vai-liberar-venda-de-acoes-que-dao-poder-de-veto-uniao-em-empresas-privatizadas","status":"publish","type":"post","link":"https:\/\/blogs.correiobraziliense.com.br\/vicente\/tcu-vai-liberar-venda-de-acoes-que-dao-poder-de-veto-uniao-em-empresas-privatizadas\/","title":{"rendered":"TCU vai liberar venda de a\u00e7\u00f5es que d\u00e3o poder de veto \u00e0 Uni\u00e3o em empresas privatizadas"},"content":{"rendered":"<h2>O ministro Jos\u00e9 M\u00facio Monteiro, do Tribunal de Contas da Uni\u00e3o (TCU), vai defender, em parecer nesta quarta-feira (18\/07), que o governo possa se desfazer de a\u00e7\u00f5es de classe especial (golden shares, em ingl\u00eas), que d\u00e3o poder de veto em empresas j\u00e1 privatizadas, como Embraer e Vale. Para isso, dever\u00e1 haver uma boa compensa\u00e7\u00e3o financeira. Na avalia\u00e7\u00e3o de Jos\u00e9 M\u00facio, a decis\u00e3o caberia aos conselhos de cada companhia.<\/h2>\n<h2><\/h2>\n<p>Esse assunto vem sendo tratado pelo TCU desde setembro do ano, depois de ser consultado pelo ent\u00e3o ministro da Fazenda, Henrique Meirelles. A Pasta havia sido procurada por representantes da Embraer e da Boeing, que anunciaram, recentemente, uma fus\u00e3o. Meirelles queria se certificar de como agir, uma vez que o tema \u00e9 pol\u00eamico e poderia gerar estresse, sobretudo na pol\u00edtica.<\/p>\n<p>&nbsp;<\/p>\n<p>As golden shares foram adotadas durante o programa de privatiza\u00e7\u00e3o para\u00a0 assegurar \u00e0 Uni\u00e3o o direito de vetar decis\u00f5es estrat\u00e9gicas nas empresas desestatizadas, como mudan\u00e7a de pa\u00eds.\u00a0 Para a\u00a0Fazenda, essas a\u00e7\u00f5es prejudicam as companhias, porque os investidores sabem que o governo pode fazer algum tipo de interven\u00e7\u00e3o nelas. Com isso, acabam aplicando um desconto nos pap\u00e9is das empresas em Bolsa de Valores.<\/p>\n<p>&nbsp;<\/p>\n<p>Jos\u00e9 M\u00facio teve que fazer um amplo processo de concilia\u00e7\u00e3o para fechar seu relat\u00f3rio, pois, para a\u00a0\u00e1rea t\u00e9cnica do TCU, as golden shares n\u00e3o podem ser extintas\u00a0 sem autoriza\u00e7\u00e3o legal. Seria, portanto, preciso aprovar uma lei espec\u00edfica, prevendo o\u00a0ressarcimento \u00e0 Uni\u00e3o. No entender do Minist\u00e9rio P\u00fablico do TCU, n\u00e3o existe impedimento legal para a extin\u00e7\u00e3o das a\u00e7\u00f5es nem a necessidade de compensa\u00e7\u00e3o \u00e0 Uni\u00e3o.<\/p>\n<p>&nbsp;<\/p>\n<p>O relator prop\u00f5e a regulamenta\u00e7\u00e3o de um modelo de ressarcimento e que o governo justifique, em cada caso, por que as a\u00e7\u00f5es especiais n\u00e3o s\u00e3o mais necess\u00e1rias.<\/p>\n<p>&nbsp;<\/p>\n<p>Bras\u00edlia, 18h10min<\/p>\n","protected":false},"excerpt":{"rendered":"<p>O ministro Jos\u00e9 M\u00facio Monteiro, do Tribunal de Contas da Uni\u00e3o (TCU), vai defender, em parecer nesta quarta-feira (18\/07), que o governo possa se desfazer de a\u00e7\u00f5es de classe especial (golden shares, em ingl\u00eas), que d\u00e3o poder de veto em empresas j\u00e1 privatizadas, como Embraer e Vale. Para isso, dever\u00e1 haver uma boa compensa\u00e7\u00e3o financeira. [&hellip;]<\/p>\n","protected":false},"author":22,"featured_media":0,"comment_status":"open","ping_status":"closed","sticky":false,"template":"","format":"standard","meta":{"footnotes":""},"categories":[600],"tags":[3536,3537,3538,50],"class_list":["post-8722","post","type-post","status-publish","format-standard","hentry","category-economia","tag-acoes-especial","tag-golden-shares","tag-jose-mucio-monteiro","tag-tcu"],"_links":{"self":[{"href":"https:\/\/blogs.correiobraziliense.com.br\/vicente\/wp-json\/wp\/v2\/posts\/8722","targetHints":{"allow":["GET"]}}],"collection":[{"href":"https:\/\/blogs.correiobraziliense.com.br\/vicente\/wp-json\/wp\/v2\/posts"}],"about":[{"href":"https:\/\/blogs.correiobraziliense.com.br\/vicente\/wp-json\/wp\/v2\/types\/post"}],"author":[{"embeddable":true,"href":"https:\/\/blogs.correiobraziliense.com.br\/vicente\/wp-json\/wp\/v2\/users\/22"}],"replies":[{"embeddable":true,"href":"https:\/\/blogs.correiobraziliense.com.br\/vicente\/wp-json\/wp\/v2\/comments?post=8722"}],"version-history":[{"count":2,"href":"https:\/\/blogs.correiobraziliense.com.br\/vicente\/wp-json\/wp\/v2\/posts\/8722\/revisions"}],"predecessor-version":[{"id":8724,"href":"https:\/\/blogs.correiobraziliense.com.br\/vicente\/wp-json\/wp\/v2\/posts\/8722\/revisions\/8724"}],"wp:attachment":[{"href":"https:\/\/blogs.correiobraziliense.com.br\/vicente\/wp-json\/wp\/v2\/media?parent=8722"}],"wp:term":[{"taxonomy":"category","embeddable":true,"href":"https:\/\/blogs.correiobraziliense.com.br\/vicente\/wp-json\/wp\/v2\/categories?post=8722"},{"taxonomy":"post_tag","embeddable":true,"href":"https:\/\/blogs.correiobraziliense.com.br\/vicente\/wp-json\/wp\/v2\/tags?post=8722"}],"curies":[{"name":"wp","href":"https:\/\/api.w.org\/{rel}","templated":true}]}}