{"id":8720,"date":"2018-07-17T16:49:35","date_gmt":"2018-07-17T19:49:35","guid":{"rendered":"https:\/\/blogs.correiobraziliense.com.br\/vicente\/?p=8720"},"modified":"2018-07-17T16:49:35","modified_gmt":"2018-07-17T19:49:35","slug":"bancos-usam-drones-e-satelites-para-fiscalizar-aplicacao-de-credito-rural","status":"publish","type":"post","link":"https:\/\/blogs.correiobraziliense.com.br\/vicente\/bancos-usam-drones-e-satelites-para-fiscalizar-aplicacao-de-credito-rural\/","title":{"rendered":"Bancos usam drones e sat\u00e9lites para fiscalizar aplica\u00e7\u00e3o de cr\u00e9dito rural"},"content":{"rendered":"<p>ANTONIO TEM\u00d3TEO<\/p>\n<p>&nbsp;<\/p>\n<p>Desde 1\u00b0 de julho, as institui\u00e7\u00f5es financeiras podem usar imagens feitas por drones e sat\u00e9lites para monitorar o uso dos recursos concedidos via cr\u00e9dito rural. Na pr\u00e1tica, os bancos usar\u00e3o a tecnologia para acompanhar o desenvolvimento das lavouras e dos animais nas propriedades, al\u00e9m de oferecer o material para a supervis\u00e3o do Bano Central (BC).<span class=\"Apple-converted-space\">\u00a0<\/span><\/p>\n<p>&nbsp;<\/p>\n<p>A novidade foi aprovada aprovada pelo Conselho Monet\u00e1rio Nacional (CMN) em mar\u00e7o. Segundo a autoridade monet\u00e1ria, a medida contribuir\u00e1 para o regulador do sistema financeiro monitorar se as institui\u00e7\u00f5es financeiras tem realizado a fiscalizar\u222bao de forma efetiva.<span class=\"Apple-converted-space\">\u00a0<\/span><\/p>\n<p>&nbsp;<\/p>\n<p>Conforme o BC, anualmente, os bancos t\u00eam que destinar 30% dos dep\u00f3sitos \u00e0 vista e 60% dos dep\u00f3sitos em poupan\u00e7a rural para aplicar em opera\u00e7\u00f5es de cr\u00e9dito rural.<span class=\"Apple-converted-space\">\u00a0<\/span><\/p>\n<p>&nbsp;<\/p>\n<p>Se esses recursos n\u00e3o forem destinados para empr\u00e9stimos para produtores rurais e empresas do setor, o BC cobra das institui\u00e7\u00f5es o custo financeiro. Na pr\u00e1tica, os bancos tem que pagar diferen\u00e7a entre os juros m\u00e9dios cobrados na carteira de cr\u00e9dito o e os juros praticados nas opera\u00e7\u00f5es de cr\u00e9dito rural. Na \u00faltima safra, o volume de financiamento do cr\u00e9dito rural foi de R$153,6 bilh\u00f5es.<\/p>\n","protected":false},"excerpt":{"rendered":"<p>ANTONIO TEM\u00d3TEO &nbsp; Desde 1\u00b0 de julho, as institui\u00e7\u00f5es financeiras podem usar imagens feitas por drones e sat\u00e9lites para monitorar o uso dos recursos concedidos via cr\u00e9dito rural. Na pr\u00e1tica, os bancos usar\u00e3o a tecnologia para acompanhar o desenvolvimento das lavouras e dos animais nas propriedades, al\u00e9m de oferecer o material para a supervis\u00e3o do [&hellip;]<\/p>\n","protected":false},"author":22,"featured_media":0,"comment_status":"open","ping_status":"closed","sticky":false,"template":"","format":"standard","meta":{"footnotes":""},"categories":[600],"tags":[3,822,106,2159,3534,252,3535,2253,824],"class_list":["post-8720","post","type-post","status-publish","format-standard","hentry","category-economia","tag-banco-central","tag-bancos","tag-bc","tag-cmn","tag-credito-rural","tag-fiscalizacao","tag-lavoura","tag-monitoramento","tag-safra"],"_links":{"self":[{"href":"https:\/\/blogs.correiobraziliense.com.br\/vicente\/wp-json\/wp\/v2\/posts\/8720","targetHints":{"allow":["GET"]}}],"collection":[{"href":"https:\/\/blogs.correiobraziliense.com.br\/vicente\/wp-json\/wp\/v2\/posts"}],"about":[{"href":"https:\/\/blogs.correiobraziliense.com.br\/vicente\/wp-json\/wp\/v2\/types\/post"}],"author":[{"embeddable":true,"href":"https:\/\/blogs.correiobraziliense.com.br\/vicente\/wp-json\/wp\/v2\/users\/22"}],"replies":[{"embeddable":true,"href":"https:\/\/blogs.correiobraziliense.com.br\/vicente\/wp-json\/wp\/v2\/comments?post=8720"}],"version-history":[{"count":1,"href":"https:\/\/blogs.correiobraziliense.com.br\/vicente\/wp-json\/wp\/v2\/posts\/8720\/revisions"}],"predecessor-version":[{"id":8721,"href":"https:\/\/blogs.correiobraziliense.com.br\/vicente\/wp-json\/wp\/v2\/posts\/8720\/revisions\/8721"}],"wp:attachment":[{"href":"https:\/\/blogs.correiobraziliense.com.br\/vicente\/wp-json\/wp\/v2\/media?parent=8720"}],"wp:term":[{"taxonomy":"category","embeddable":true,"href":"https:\/\/blogs.correiobraziliense.com.br\/vicente\/wp-json\/wp\/v2\/categories?post=8720"},{"taxonomy":"post_tag","embeddable":true,"href":"https:\/\/blogs.correiobraziliense.com.br\/vicente\/wp-json\/wp\/v2\/tags?post=8720"}],"curies":[{"name":"wp","href":"https:\/\/api.w.org\/{rel}","templated":true}]}}