{"id":8710,"date":"2018-07-16T19:10:29","date_gmt":"2018-07-16T22:10:29","guid":{"rendered":"https:\/\/blogs.correiobraziliense.com.br\/vicente\/?p=8710"},"modified":"2018-07-16T20:23:06","modified_gmt":"2018-07-16T23:23:06","slug":"temer-antecipa-r-21-bilhoes-para-aposentados-e-pensionistas-do-inss","status":"publish","type":"post","link":"https:\/\/blogs.correiobraziliense.com.br\/vicente\/temer-antecipa-r-21-bilhoes-para-aposentados-e-pensionistas-do-inss\/","title":{"rendered":"Temer antecipa R$ 21 bilh\u00f5es para aposentados e pensionistas do INSS"},"content":{"rendered":"<h2>RODOLFO COSTA<\/h2>\n<h2><\/h2>\n<h2>Na tentativa de dar um g\u00e1s na economia, que est\u00e1 afundando a olhos vistos, o presidente Michel Temer decidiu antecipar a primeira parcela do 13\u00ba sal\u00e1rio de aposentados e pensionistas do Instituto Nacional do Seguro Social (INSS). O decreto assinado por ele injetar\u00e1 cerca de R$ 21 bilh\u00f5es no com\u00e9rcio e em outros setores.<\/h2>\n<p>&nbsp;<\/p>\n<p>Segundo o INSS, os benefici\u00e1rios receber\u00e3o a primeira parte do 13\u00ba sal\u00e1rio com a remunera\u00e7\u00e3o de agosto.\u00a0A primeira parcela do abono anual corresponder\u00e1 a at\u00e9 50% do valor do benef\u00edcio. Para o governo, a medida \u00e9 importante para dar um\u00a0 al\u00edvio no or\u00e7amento das fam\u00edlias.\u00a0Estudos mostram que pelo menos 10,8 milh\u00f5es de brasileiros dependem da renda de aposentados para viver. Apenas em 2017, o n\u00famero de resid\u00eancias em que mais de 75% da renda v\u00eam de aposentadorias cresceu 12%, de 5,1 milh\u00f5es para 5,7 milh\u00f5es.<\/p>\n<p>&nbsp;<\/p>\n<p>Na avalia\u00e7\u00e3o de Marcos Bulgarelli, presidente do Sindicato Nacional dos Aposentados da For\u00e7a Sindical, &#8220;o adiantamento trar\u00e1 al\u00edvio para aqueles que j\u00e1 tinham seu sal\u00e1rio comprometido com o pagamento de presta\u00e7\u00f5es atrasada de d\u00edvidas&#8221;. Segundo o Banco Central, aposentados e pensionistas devem R$ 122,1 bilh\u00f5es aos bancos por meio do cr\u00e9dito consignado. Os d\u00e9bitos cresceram 12% nos \u00faltimos 12 meses.<\/p>\n<p>&nbsp;<\/p>\n<p>Como determina a legisla\u00e7\u00e3o, n\u00e3o haver\u00e1 desconto de Imposto de Renda (IR) na primeira parcela do 13\u00ba de aposentados e pensionistas do INSS. O tributo \u00e9 cobrado na segunda parcela da gratifica\u00e7\u00e3o natalina, a ser paga com a remunera\u00e7\u00e3o de novembro. Desde 2006, o governo antecipa a primeira parcela do sal\u00e1rio extra na folha de agosto. Somente em 2015, o pagamento foi adiado para setembro, por causa do ritmo fraco da economia e da queda da arrecada\u00e7\u00e3o.<\/p>\n<p>&nbsp;<\/p>\n<p><strong>PIS\/Pasep<\/strong><\/p>\n<p>&nbsp;<\/p>\n<p>Tamb\u00e9m em agosto, o governo liberar\u00e1 os saques do PIS\/Pasep para trabalhadores com menos de 60 anos. As retiradas ser\u00e3o poss\u00edveis a partir de 8 de agosto. Com os rendimentos deste ano, cada cotista sacar\u00e1, em m\u00e9dia, R$ 1,4 mil. Pelos c\u00e1lculos do Minist\u00e9rio do Planejamento, no total, os saques do PIS\/Pasep v\u00e3o passar de R$ 34 bilh\u00f5es.<\/p>\n<p>&nbsp;<\/p>\n<p>No ano passado, o governo havia permitido a retirada de recursos de contas inativas do Fundo de Garantia do Tempo de Servi\u00e7o (FGTS). Os mais de R$ 40 bilh\u00f5es sacados ajudaram a dar um g\u00e1s da economia, que tentava sair da recess\u00e3o. Muito economistas atribuem \u00e0 libera\u00e7\u00e3o desses recursos o marco para a virada da economia, ao estimular o consumo das fam\u00edlias, que responde por mais de 60% do Produto Interno Bruto (PIB) do lado da demanda.<\/p>\n","protected":false},"excerpt":{"rendered":"<p>RODOLFO COSTA Na tentativa de dar um g\u00e1s na economia, que est\u00e1 afundando a olhos vistos, o presidente Michel Temer decidiu antecipar a primeira parcela do 13\u00ba sal\u00e1rio de aposentados e pensionistas do Instituto Nacional do Seguro Social (INSS). O decreto assinado por ele injetar\u00e1 cerca de R$ 21 bilh\u00f5es no com\u00e9rcio e em outros [&hellip;]<\/p>\n","protected":false},"author":22,"featured_media":0,"comment_status":"open","ping_status":"closed","sticky":false,"template":"","format":"standard","meta":{"footnotes":""},"categories":[600],"tags":[354,2470,410,408,411,3533],"class_list":["post-8710","post","type-post","status-publish","format-standard","hentry","category-economia","tag-13o-salario","tag-antecipacao","tag-aposentados","tag-inss","tag-pensionistas","tag-r-21-bilhoes"],"_links":{"self":[{"href":"https:\/\/blogs.correiobraziliense.com.br\/vicente\/wp-json\/wp\/v2\/posts\/8710","targetHints":{"allow":["GET"]}}],"collection":[{"href":"https:\/\/blogs.correiobraziliense.com.br\/vicente\/wp-json\/wp\/v2\/posts"}],"about":[{"href":"https:\/\/blogs.correiobraziliense.com.br\/vicente\/wp-json\/wp\/v2\/types\/post"}],"author":[{"embeddable":true,"href":"https:\/\/blogs.correiobraziliense.com.br\/vicente\/wp-json\/wp\/v2\/users\/22"}],"replies":[{"embeddable":true,"href":"https:\/\/blogs.correiobraziliense.com.br\/vicente\/wp-json\/wp\/v2\/comments?post=8710"}],"version-history":[{"count":9,"href":"https:\/\/blogs.correiobraziliense.com.br\/vicente\/wp-json\/wp\/v2\/posts\/8710\/revisions"}],"predecessor-version":[{"id":8719,"href":"https:\/\/blogs.correiobraziliense.com.br\/vicente\/wp-json\/wp\/v2\/posts\/8710\/revisions\/8719"}],"wp:attachment":[{"href":"https:\/\/blogs.correiobraziliense.com.br\/vicente\/wp-json\/wp\/v2\/media?parent=8710"}],"wp:term":[{"taxonomy":"category","embeddable":true,"href":"https:\/\/blogs.correiobraziliense.com.br\/vicente\/wp-json\/wp\/v2\/categories?post=8710"},{"taxonomy":"post_tag","embeddable":true,"href":"https:\/\/blogs.correiobraziliense.com.br\/vicente\/wp-json\/wp\/v2\/tags?post=8710"}],"curies":[{"name":"wp","href":"https:\/\/api.w.org\/{rel}","templated":true}]}}