{"id":8705,"date":"2018-07-13T20:31:58","date_gmt":"2018-07-13T23:31:58","guid":{"rendered":"https:\/\/blogs.correiobraziliense.com.br\/vicente\/?p=8705"},"modified":"2018-07-13T20:31:58","modified_gmt":"2018-07-13T23:31:58","slug":"governo-admite-rever-instrucao-que-tirou-transparencia-dos-orgaos-publicos","status":"publish","type":"post","link":"https:\/\/blogs.correiobraziliense.com.br\/vicente\/governo-admite-rever-instrucao-que-tirou-transparencia-dos-orgaos-publicos\/","title":{"rendered":"Governo admite rever instru\u00e7\u00e3o que tirou transpar\u00eancia dos \u00f3rg\u00e3os p\u00fablicos"},"content":{"rendered":"<h2>Diante da gritaria na Esplanada dos Minist\u00e9rios, por causa da Instru\u00e7\u00e3o Normativa 01, que d\u00e1 cobertura para os \u00f3rg\u00e3os p\u00fablicos sonegarem informa\u00e7\u00f5es \u00e0 popula\u00e7\u00e3o, a\u00a0Secretaria de Comunica\u00e7\u00e3o do Governo Federal admitiu, nesta sexta-feira (13\/07), reeditar o documento. A IN usa a Lei Eleitoral como fachada para a falta de transpar\u00eancia, como mostrou o <strong>Blog<\/strong> e o <strong>Correio<\/strong>.<\/h2>\n<p>&nbsp;<\/p>\n<p>A Instru\u00e7\u00e3o Normativa entrou em vigor em 7 de julho \u00faltimo. Desde ent\u00e3o, minist\u00e9rios, autarquias e mesmo institui\u00e7\u00f5es de pesquisas, com o Instituto Brasileiro de Geografia e Estat\u00edstica (IBGE), deixarem de publicar not\u00edcias em seus portais e redes sociais, alegando que poderiam ser punidos pela legisla\u00e7\u00e3o eleitoral. O argumento: os agentes p\u00fablicos n\u00e3o podem correr o risco de praticar condutas pass\u00edveis de afetar a igualdade de oportunidades entre candidatos \u00e0 elei\u00e7\u00e3o, conforme prev\u00ea a Lei n\u00ba 9.504\/1997.<\/p>\n<p>&nbsp;<\/p>\n<p>O problema foi que a instru\u00e7\u00e3o deu asas aos que gostam de viver nas sombras, sem prestar contas \u00e0 sociedade. Alegando que poderiam infringir a legisla\u00e7\u00e3o, deixaram de fornecer dados corriqueiros. Em nenhuma outra elei\u00e7\u00e3o se viu uma postura t\u00e3o conservadora, semelhante a uma lei da morda\u00e7a.<br \/>\nO estopim para a falta de transpar\u00eancia est\u00e1 no Artigo 30 da Instru\u00e7\u00e3o Normativa, que explicita: \u201cNo per\u00edodo eleitoral, fica vedada a veicula\u00e7\u00e3o ou exibi\u00e7\u00e3o de conte\u00fados noticiosos dos \u00f3rg\u00e3os e entidades integrantes do SICOM, em suas propriedades digitais.\u201d<\/p>\n<p>&nbsp;<\/p>\n<p>O entendimento sobre a proibi\u00e7\u00e3o, levada ao p\u00e9 da letra nas assessorias de comunica\u00e7\u00e3o e consultorias jur\u00eddicas de minist\u00e9rios e outros \u00f3rg\u00e3os, \u201cn\u00e3o era esperado\u201d, segundo representantes da Secom. Em reuni\u00e3o realizada com assessores de \u00e1reas de comunica\u00e7\u00e3o, na tarde desta sexta, foi explicado que a revis\u00e3o da IN dever\u00e1 ocorrer, pois a ideia do que foi publicado na IN era apenas orientar sobre a forma do conte\u00fado, mas n\u00e3o deixar de dar transpar\u00eancia aos atos de governo.<\/p>\n<p>&nbsp;<\/p>\n<p>Enfim, parece que o bom senso est\u00e1 voltando. O governo n\u00e3o pode compactuar com aqueles que desdenham da obriga\u00e7\u00e3o de fornecer todas as informa\u00e7\u00f5es demandadas pela sociedade.<\/p>\n<p>&nbsp;<\/p>\n<p><em>Bras\u00edlia, 20h01min<\/em><\/p>\n","protected":false},"excerpt":{"rendered":"<p>Diante da gritaria na Esplanada dos Minist\u00e9rios, por causa da Instru\u00e7\u00e3o Normativa 01, que d\u00e1 cobertura para os \u00f3rg\u00e3os p\u00fablicos sonegarem informa\u00e7\u00f5es \u00e0 popula\u00e7\u00e3o, a\u00a0Secretaria de Comunica\u00e7\u00e3o do Governo Federal admitiu, nesta sexta-feira (13\/07), reeditar o documento. A IN usa a Lei Eleitoral como fachada para a falta de transpar\u00eancia, como mostrou o Blog e [&hellip;]<\/p>\n","protected":false},"author":22,"featured_media":0,"comment_status":"open","ping_status":"closed","sticky":false,"template":"","format":"standard","meta":{"footnotes":""},"categories":[600],"tags":[467,3531,3532,718,2946],"class_list":["post-8705","post","type-post","status-publish","format-standard","hentry","category-economia","tag-governo","tag-instrucao-normativa","tag-orgaos-publicos","tag-revisao","tag-transparencia"],"_links":{"self":[{"href":"https:\/\/blogs.correiobraziliense.com.br\/vicente\/wp-json\/wp\/v2\/posts\/8705","targetHints":{"allow":["GET"]}}],"collection":[{"href":"https:\/\/blogs.correiobraziliense.com.br\/vicente\/wp-json\/wp\/v2\/posts"}],"about":[{"href":"https:\/\/blogs.correiobraziliense.com.br\/vicente\/wp-json\/wp\/v2\/types\/post"}],"author":[{"embeddable":true,"href":"https:\/\/blogs.correiobraziliense.com.br\/vicente\/wp-json\/wp\/v2\/users\/22"}],"replies":[{"embeddable":true,"href":"https:\/\/blogs.correiobraziliense.com.br\/vicente\/wp-json\/wp\/v2\/comments?post=8705"}],"version-history":[{"count":1,"href":"https:\/\/blogs.correiobraziliense.com.br\/vicente\/wp-json\/wp\/v2\/posts\/8705\/revisions"}],"predecessor-version":[{"id":8706,"href":"https:\/\/blogs.correiobraziliense.com.br\/vicente\/wp-json\/wp\/v2\/posts\/8705\/revisions\/8706"}],"wp:attachment":[{"href":"https:\/\/blogs.correiobraziliense.com.br\/vicente\/wp-json\/wp\/v2\/media?parent=8705"}],"wp:term":[{"taxonomy":"category","embeddable":true,"href":"https:\/\/blogs.correiobraziliense.com.br\/vicente\/wp-json\/wp\/v2\/categories?post=8705"},{"taxonomy":"post_tag","embeddable":true,"href":"https:\/\/blogs.correiobraziliense.com.br\/vicente\/wp-json\/wp\/v2\/tags?post=8705"}],"curies":[{"name":"wp","href":"https:\/\/api.w.org\/{rel}","templated":true}]}}