{"id":8692,"date":"2018-07-12T10:04:35","date_gmt":"2018-07-12T13:04:35","guid":{"rendered":"https:\/\/blogs.correiobraziliense.com.br\/vicente\/?p=8692"},"modified":"2018-07-12T13:26:53","modified_gmt":"2018-07-12T16:26:53","slug":"equipe-economica-vai-insistir-em-adiar-reajuste-de-servidores-de-2019-para-2020","status":"publish","type":"post","link":"https:\/\/blogs.correiobraziliense.com.br\/vicente\/equipe-economica-vai-insistir-em-adiar-reajuste-de-servidores-de-2019-para-2020\/","title":{"rendered":"Equipe econ\u00f4mica vai insistir em adiar reajuste de servidores de 2019 para 2020"},"content":{"rendered":"<h2>A equipe econ\u00f4mica assegura que n\u00e3o se render\u00e1 \u00e0 derrota imposta ontem pelo Congresso, que mudou a Lei de Diretrizes Or\u00e7ament\u00e1rias (LDO) e garantiu reajustes para os servidores p\u00fablicos em 2019. T\u00e9cnicos afirmam que a proposta do Or\u00e7amento para o ano que vem trar\u00e1 o adiamento dos reajustes para as carreiras de Estado e para militares de 2019 para 2020.<\/h2>\n<p>&nbsp;<\/p>\n<p>Est\u00e1 previsto, para o pr\u00f3ximo ano, o pagamento da \u00faltima parcela dos aumento acertado pelo governo e aprovado pelo Congresso \u00e0 elite do funcionalismo p\u00fablico e aos militares. Esse reajuste foi dividido em quatro parcelas, sendo que a primeira foi paga em 2016. Pelos c\u00e1lculos do Minist\u00e9rio do Planejamento, se forem adiados apenas os aumentos dos servidores civis, a economia chegar\u00e1 a R$ 6 bilh\u00f5es. Se a medida incluir os militares, ser\u00e3o poupados R$ 11 bilh\u00f5es. \u00c9 muito diante da fr\u00e1gil situa\u00e7\u00e3o das contas federais.<\/p>\n<p>&nbsp;<\/p>\n<p>Para a equipe econ\u00f4mica, n\u00e3o h\u00e1 necessidade de reajuste aos servidores em 2019, porque houve ganhos reais nos \u00faltimos dias, diante da forte queda da infla\u00e7\u00e3o. Al\u00e9m disso, as despesas com a folha v\u00eam crescendo muito, subindo acima da infla\u00e7\u00e3o, o que pode levar o governo a estourar o teto dos gastos. Depois das despesas com a Previd\u00eancia Social, os gastos com servidores s\u00e3o os que mais crescem, obrigando a Uni\u00e3o a restringir ao m\u00e1ximo as despesas com investimentos, que est\u00e3o nos menores n\u00edveis da hist\u00f3ria.<\/p>\n<p>&nbsp;<\/p>\n<p>Resta saber se o Congresso acatar\u00e1 as sugest\u00f5es da equipe econ\u00f4mica, que tamb\u00e9m propor\u00e1, no Or\u00e7amento de 2019, a tributa\u00e7\u00e3o sobre\u00a0fundos exclusivos para investidores de alta renda. Essa medida j\u00e1 foi proposta ao Legislativo, mas n\u00e3o avan\u00e7ou e pode render cerca de R$ 6 bilh\u00f5es ao ano s\u00f3 para a Uni\u00e3o. Durante a vota\u00e7\u00e3o da LDO, o ministro da Fazenda, Eduardo Guardia, fez apelos aos presidente da C\u00e2mara, Rodrigo Maia, e ao do Senado, Eun\u00edcio Oliveira, para que n\u00e3o deixassem prosperar a proposta de reajuste dos servidores. Mas foi derrotado.<\/p>\n<p>&nbsp;<\/p>\n<p>No entender da equipe econ\u00f4mica, infelizmente, o governo perdeu a capacidade de di\u00e1logo com o Congresso. Agora, mesmo l\u00edderes aliados ao presidente Michel Temer, como o senador Romero Juc\u00e1 (MDB-RR), t\u00eam defendido o aumento de gastos. Todos est\u00e3o jogando para a plateia, de olho nos votos dos eleitores. Para eles, n\u00e3o interessa se o Congresso est\u00e1 empurrando uma heran\u00e7a maldita para o pr\u00f3ximo presidente.<\/p>\n<p>&nbsp;<\/p>\n<p><em>Bras\u00edlia 10h04min<\/em><\/p>\n","protected":false},"excerpt":{"rendered":"<p>A equipe econ\u00f4mica assegura que n\u00e3o se render\u00e1 \u00e0 derrota imposta ontem pelo Congresso, que mudou a Lei de Diretrizes Or\u00e7ament\u00e1rias (LDO) e garantiu reajustes para os servidores p\u00fablicos em 2019. T\u00e9cnicos afirmam que a proposta do Or\u00e7amento para o ano que vem trar\u00e1 o adiamento dos reajustes para as carreiras de Estado e para [&hellip;]<\/p>\n","protected":false},"author":22,"featured_media":0,"comment_status":"open","ping_status":"closed","sticky":false,"template":"","format":"standard","meta":{"footnotes":""},"categories":[600],"tags":[],"class_list":["post-8692","post","type-post","status-publish","format-standard","hentry","category-economia"],"_links":{"self":[{"href":"https:\/\/blogs.correiobraziliense.com.br\/vicente\/wp-json\/wp\/v2\/posts\/8692","targetHints":{"allow":["GET"]}}],"collection":[{"href":"https:\/\/blogs.correiobraziliense.com.br\/vicente\/wp-json\/wp\/v2\/posts"}],"about":[{"href":"https:\/\/blogs.correiobraziliense.com.br\/vicente\/wp-json\/wp\/v2\/types\/post"}],"author":[{"embeddable":true,"href":"https:\/\/blogs.correiobraziliense.com.br\/vicente\/wp-json\/wp\/v2\/users\/22"}],"replies":[{"embeddable":true,"href":"https:\/\/blogs.correiobraziliense.com.br\/vicente\/wp-json\/wp\/v2\/comments?post=8692"}],"version-history":[{"count":1,"href":"https:\/\/blogs.correiobraziliense.com.br\/vicente\/wp-json\/wp\/v2\/posts\/8692\/revisions"}],"predecessor-version":[{"id":8693,"href":"https:\/\/blogs.correiobraziliense.com.br\/vicente\/wp-json\/wp\/v2\/posts\/8692\/revisions\/8693"}],"wp:attachment":[{"href":"https:\/\/blogs.correiobraziliense.com.br\/vicente\/wp-json\/wp\/v2\/media?parent=8692"}],"wp:term":[{"taxonomy":"category","embeddable":true,"href":"https:\/\/blogs.correiobraziliense.com.br\/vicente\/wp-json\/wp\/v2\/categories?post=8692"},{"taxonomy":"post_tag","embeddable":true,"href":"https:\/\/blogs.correiobraziliense.com.br\/vicente\/wp-json\/wp\/v2\/tags?post=8692"}],"curies":[{"name":"wp","href":"https:\/\/api.w.org\/{rel}","templated":true}]}}