{"id":8685,"date":"2018-07-11T20:15:32","date_gmt":"2018-07-11T23:15:32","guid":{"rendered":"https:\/\/blogs.correiobraziliense.com.br\/vicente\/?p=8685"},"modified":"2018-07-11T23:19:05","modified_gmt":"2018-07-12T02:19:05","slug":"orgaos-publicos-usam-lei-eleitoral-para-sonegar-informacoes","status":"publish","type":"post","link":"https:\/\/blogs.correiobraziliense.com.br\/vicente\/orgaos-publicos-usam-lei-eleitoral-para-sonegar-informacoes\/","title":{"rendered":"\u00d3rg\u00e3os p\u00fablicos usam a Lei Eleitoral para sonegar informa\u00e7\u00f5es"},"content":{"rendered":"<h2>Os \u00f3rg\u00e3os p\u00fablicos est\u00e3o informando em suas p\u00e1ginas na internet que, por causa da Lei Eleitoral, n\u00e3o poder\u00e3o mais postar not\u00edcias de interesse dos cidad\u00e3os. A decis\u00e3o foi tomada com base da Instru\u00e7\u00e3o Normativa 01, de abril de 2018, baixada pela Secretaria-Geral da Presid\u00eancia da Rep\u00fablica. Nunca se viu isso em nenhum outro momento eleitoral.<\/h2>\n<p>&nbsp;<\/p>\n<p><a href=\"https:\/\/blogs.correiobraziliense.com.br\/vicente\/wp-content\/uploads\/sites\/16\/2018\/07\/IMG_0724.jpg\" rel=\"attachment wp-att-8688\"><img loading=\"lazy\" decoding=\"async\" class=\"alignnone size-large wp-image-8688\" src=\"https:\/\/blogs.correiobraziliense.com.br\/vicente\/wp-content\/uploads\/sites\/16\/2018\/07\/IMG_0724-1024x576.jpg\" alt=\"IMG_0724\" width=\"1024\" height=\"576\" srcset=\"https:\/\/blogs.correiobraziliense.com.br\/vicente\/wp-content\/uploads\/sites\/16\/2018\/07\/IMG_0724.jpg 1024w, https:\/\/blogs.correiobraziliense.com.br\/vicente\/wp-content\/uploads\/sites\/16\/2018\/07\/IMG_0724-300x169.jpg 300w, https:\/\/blogs.correiobraziliense.com.br\/vicente\/wp-content\/uploads\/sites\/16\/2018\/07\/IMG_0724-768x432.jpg 768w, https:\/\/blogs.correiobraziliense.com.br\/vicente\/wp-content\/uploads\/sites\/16\/2018\/07\/IMG_0724-350x197.jpg 350w, https:\/\/blogs.correiobraziliense.com.br\/vicente\/wp-content\/uploads\/sites\/16\/2018\/07\/IMG_0724-550x309.jpg 550w, https:\/\/blogs.correiobraziliense.com.br\/vicente\/wp-content\/uploads\/sites\/16\/2018\/07\/IMG_0724-230x129.jpg 230w\" sizes=\"auto, (max-width: 1024px) 100vw, 1024px\" \/><\/a><\/p>\n<p>&nbsp;<\/p>\n<p>Por lei, est\u00e3o proibidos, tr\u00eas meses antes das elei\u00e7\u00f5es, campanhas publicit\u00e1rias que possam favorecer determinados candidatos. Os governos tamb\u00e9m ficam impedidos de inaugurar obras ou de criarem fatos pol\u00edticos que, de alguma forma, possam influenciar o pleito. Mas, para informar o cidad\u00e3o sobre fatos relevantes, n\u00e3o h\u00e1 nenhum empecilho.<\/p>\n<p>&nbsp;<\/p>\n<p>Para os \u00f3rg\u00e3os p\u00fablicos, a IN 01 caiu como uma luva. Sob o pretexto de que podem ser punidos, minist\u00e9rios, autarquias e funda\u00e7\u00f5es mantidas com dinheiro p\u00fablico simplesmente passaram a sonegar informa\u00e7\u00f5es. Foi baixada uma esp\u00e9cie de Lei da Morda\u00e7a, que s\u00f3 favorece aqueles que desejam permanecer nas sombras.<\/p>\n<p>&nbsp;<\/p>\n<p><a href=\"https:\/\/blogs.correiobraziliense.com.br\/vicente\/wp-content\/uploads\/sites\/16\/2018\/07\/IMG_0725.jpg\" rel=\"attachment wp-att-8689\"><img loading=\"lazy\" decoding=\"async\" class=\"alignnone size-large wp-image-8689\" src=\"https:\/\/blogs.correiobraziliense.com.br\/vicente\/wp-content\/uploads\/sites\/16\/2018\/07\/IMG_0725-1024x576.jpg\" alt=\"IMG_0725\" width=\"1024\" height=\"576\" srcset=\"https:\/\/blogs.correiobraziliense.com.br\/vicente\/wp-content\/uploads\/sites\/16\/2018\/07\/IMG_0725.jpg 1024w, https:\/\/blogs.correiobraziliense.com.br\/vicente\/wp-content\/uploads\/sites\/16\/2018\/07\/IMG_0725-300x169.jpg 300w, https:\/\/blogs.correiobraziliense.com.br\/vicente\/wp-content\/uploads\/sites\/16\/2018\/07\/IMG_0725-768x432.jpg 768w, https:\/\/blogs.correiobraziliense.com.br\/vicente\/wp-content\/uploads\/sites\/16\/2018\/07\/IMG_0725-350x197.jpg 350w, https:\/\/blogs.correiobraziliense.com.br\/vicente\/wp-content\/uploads\/sites\/16\/2018\/07\/IMG_0725-550x309.jpg 550w, https:\/\/blogs.correiobraziliense.com.br\/vicente\/wp-content\/uploads\/sites\/16\/2018\/07\/IMG_0725-230x129.jpg 230w\" sizes=\"auto, (max-width: 1024px) 100vw, 1024px\" \/><\/a><\/p>\n<p>&nbsp;<\/p>\n<p>Veja, por exemplo, o caso do Minist\u00e9rio do Trabalho, que se tornou um antro de corrup\u00e7\u00e3o sob o comando do PTB. Para os gestores da Pasta, foi superc\u00f4modo a informa\u00e7\u00e3o de que &#8220;n\u00e3o far\u00e1 publica\u00e7\u00f5es de conte\u00fados noticiosos durante o per\u00edodo eleitoral&#8221;. Se quiser saber alguma coisa, a imprensa ter\u00e1 que recorrer \u00e0 assessoria do minist\u00e9rio. O cidad\u00e3o comum que procurar informa\u00e7\u00f5es no site do Trabalho ficar\u00e1 a ver navios.<\/p>\n<p>&nbsp;<\/p>\n<p>Os bons profissionais de imprensa que atuam da Esplanada dos Minist\u00e9rios est\u00e3o revoltados. Dizem que n\u00e3o h\u00e1 como confundir publicidade com\u00a0jornalismo e publicidade institucional com informa\u00e7\u00e3o de utilidade p\u00fablica. Para esses profissionais, a IN 01 deu asas aos que est\u00e3o se lixando para a transpar\u00eancia.<\/p>\n<p>&nbsp;<\/p>\n<p><a href=\"https:\/\/blogs.correiobraziliense.com.br\/vicente\/wp-content\/uploads\/sites\/16\/2018\/07\/IMG_0726.jpg\" rel=\"attachment wp-att-8690\"><img loading=\"lazy\" decoding=\"async\" class=\"alignnone size-large wp-image-8690\" src=\"https:\/\/blogs.correiobraziliense.com.br\/vicente\/wp-content\/uploads\/sites\/16\/2018\/07\/IMG_0726-1024x576.jpg\" alt=\"IMG_0726\" width=\"1024\" height=\"576\" srcset=\"https:\/\/blogs.correiobraziliense.com.br\/vicente\/wp-content\/uploads\/sites\/16\/2018\/07\/IMG_0726.jpg 1024w, https:\/\/blogs.correiobraziliense.com.br\/vicente\/wp-content\/uploads\/sites\/16\/2018\/07\/IMG_0726-300x169.jpg 300w, https:\/\/blogs.correiobraziliense.com.br\/vicente\/wp-content\/uploads\/sites\/16\/2018\/07\/IMG_0726-768x432.jpg 768w, https:\/\/blogs.correiobraziliense.com.br\/vicente\/wp-content\/uploads\/sites\/16\/2018\/07\/IMG_0726-350x197.jpg 350w, https:\/\/blogs.correiobraziliense.com.br\/vicente\/wp-content\/uploads\/sites\/16\/2018\/07\/IMG_0726-550x309.jpg 550w, https:\/\/blogs.correiobraziliense.com.br\/vicente\/wp-content\/uploads\/sites\/16\/2018\/07\/IMG_0726-230x129.jpg 230w\" sizes=\"auto, (max-width: 1024px) 100vw, 1024px\" \/><\/a><\/p>\n<p>&nbsp;<\/p>\n<p>Os partid\u00e1rios da boa informa\u00e7\u00e3o dizem que mesmo as requisi\u00e7\u00f5es feitas pela imprensa \u00e0s assessorias dos \u00f3rg\u00e3os p\u00fablicos tender\u00e3o a ser negadas, sob o argumento da Lei Eleitoral. Trata-se de um atraso. Quanto mais transparentes forem os \u00f3rg\u00e3os p\u00fablicos, menos suscet\u00edveis eles estar\u00e3o aos malfeitos.<\/p>\n<p>&nbsp;<\/p>\n<p><em>Bras\u00edlia, 20h15min<\/em><\/p>\n","protected":false},"excerpt":{"rendered":"<p>Os \u00f3rg\u00e3os p\u00fablicos est\u00e3o informando em suas p\u00e1ginas na internet que, por causa da Lei Eleitoral, n\u00e3o poder\u00e3o mais postar not\u00edcias de interesse dos cidad\u00e3os. A decis\u00e3o foi tomada com base da Instru\u00e7\u00e3o Normativa 01, de abril de 2018, baixada pela Secretaria-Geral da Presid\u00eancia da Rep\u00fablica. Nunca se viu isso em nenhum outro momento eleitoral. [&hellip;]<\/p>\n","protected":false},"author":22,"featured_media":0,"comment_status":"open","ping_status":"closed","sticky":false,"template":"","format":"standard","meta":{"footnotes":""},"categories":[600],"tags":[3527,3526,3525,1316],"class_list":["post-8685","post","type-post","status-publish","format-standard","hentry","category-economia","tag-in-01","tag-informacoes","tag-lei-eleitoral","tag-sonegacao"],"_links":{"self":[{"href":"https:\/\/blogs.correiobraziliense.com.br\/vicente\/wp-json\/wp\/v2\/posts\/8685","targetHints":{"allow":["GET"]}}],"collection":[{"href":"https:\/\/blogs.correiobraziliense.com.br\/vicente\/wp-json\/wp\/v2\/posts"}],"about":[{"href":"https:\/\/blogs.correiobraziliense.com.br\/vicente\/wp-json\/wp\/v2\/types\/post"}],"author":[{"embeddable":true,"href":"https:\/\/blogs.correiobraziliense.com.br\/vicente\/wp-json\/wp\/v2\/users\/22"}],"replies":[{"embeddable":true,"href":"https:\/\/blogs.correiobraziliense.com.br\/vicente\/wp-json\/wp\/v2\/comments?post=8685"}],"version-history":[{"count":3,"href":"https:\/\/blogs.correiobraziliense.com.br\/vicente\/wp-json\/wp\/v2\/posts\/8685\/revisions"}],"predecessor-version":[{"id":8691,"href":"https:\/\/blogs.correiobraziliense.com.br\/vicente\/wp-json\/wp\/v2\/posts\/8685\/revisions\/8691"}],"wp:attachment":[{"href":"https:\/\/blogs.correiobraziliense.com.br\/vicente\/wp-json\/wp\/v2\/media?parent=8685"}],"wp:term":[{"taxonomy":"category","embeddable":true,"href":"https:\/\/blogs.correiobraziliense.com.br\/vicente\/wp-json\/wp\/v2\/categories?post=8685"},{"taxonomy":"post_tag","embeddable":true,"href":"https:\/\/blogs.correiobraziliense.com.br\/vicente\/wp-json\/wp\/v2\/tags?post=8685"}],"curies":[{"name":"wp","href":"https:\/\/api.w.org\/{rel}","templated":true}]}}