{"id":8673,"date":"2018-07-11T14:25:38","date_gmt":"2018-07-11T17:25:38","guid":{"rendered":"https:\/\/blogs.correiobraziliense.com.br\/vicente\/?p=8673"},"modified":"2018-07-11T14:37:28","modified_gmt":"2018-07-11T17:37:28","slug":"uniao-coloca-sete-terrenos-venda-no-distrito-federal","status":"publish","type":"post","link":"https:\/\/blogs.correiobraziliense.com.br\/vicente\/uniao-coloca-sete-terrenos-venda-no-distrito-federal\/","title":{"rendered":"Uni\u00e3o coloca sete terrenos \u00e0 venda no Distrito Federal"},"content":{"rendered":"<p>&nbsp;<\/p>\n<h2>Na luta para fazer caixa, o\u00a0governo federal colocou \u00e0 venda, nesta quarta-feira (11\/07), sete im\u00f3veis no Distrito Federal.\u00a0S\u00e3o tr\u00eas terrenos no Lago Sul \u2014 dois na QL 26, um na QL 12 \u2014, al\u00e9m de tr\u00eas proje\u00e7\u00f5es na Asa Norte (SQN 113 e 114) e um lote no Setor de Garagens Oficiais. As \u00e1reas variam de 633 metros quadrados a 3,6 mil metros quadrados, e os pre\u00e7os m\u00ednimos v\u00e3o de R$ 1,555 milh\u00e3o a R$ 21,973 milh\u00f5es.<\/h2>\n<p>&nbsp;<\/p>\n<p>A licita\u00e7\u00e3o, por meio de concorr\u00eancia p\u00fablica, est\u00e1 marcada para 15 de agosto pr\u00f3ximo, \u00e0s 14h, no audit\u00f3rio t\u00e9rreo, do bloco K, da Esplanada dos Minist\u00e9rios. Os pagamentos dever\u00e3o ser feitos \u00e0 vista, com recursos pr\u00f3prios ou obtidos por meio de financiamento banc\u00e1rio por parte do adquirente.<\/p>\n<p>&nbsp;<\/p>\n<p>Podem participar da disputa pelos terrenos pessoas f\u00edsicas, jur\u00eddicas e em cons\u00f3rcio. Os interessados dever\u00e3o apresentar uma proposta por im\u00f3vel. O lance vencedor ser\u00e1 o de maior valor, que deve ser igual ou superior ao pre\u00e7o m\u00ednimo definido no edital.<\/p>\n<p>&nbsp;<\/p>\n<p>Para participar, ser\u00e1 obrigat\u00f3rio o recolhimento de cau\u00e7\u00e3o no valor correspondente a 5% do pre\u00e7o m\u00ednimo do im\u00f3vel, constante do edital, antes da apresenta\u00e7\u00e3o da proposta. Esse montante ser\u00e1 devolvido aos interessados que n\u00e3o tiverem as propostas escolhidas.<\/p>\n<p>&nbsp;<\/p>\n<p>No dia da concorr\u00eancia, os interessados devem apresentar documenta\u00e7\u00e3o exigida, comprovante de pagamento de cau\u00e7\u00e3o e proposta pelo im\u00f3vel pretendido, de acordo com as regras contidas no edital. Os terrenos dispon\u00edveis para a comercializa\u00e7\u00e3o poder\u00e3o ser visitados a qualquer hora e data.<\/p>\n<p>&nbsp;<\/p>\n<p>As regras para a aquisi\u00e7\u00e3o e a rela\u00e7\u00e3o detalhada dos im\u00f3veis est\u00e3o dispon\u00edveis no edital publicado hoje no <em>Di\u00e1rio Oficial da Uni\u00e3o<\/em> (DOU) e tamb\u00e9m no site <a href=\"http:\/\/www.imoveis.planejamento.gov.br\/\">www.imoveis.planejamento.gov.br<\/a>.<\/p>\n<p>&nbsp;<\/p>\n<p>Para o governo, n\u00e3o h\u00e1 raz\u00e3o para se manter tantos im\u00f3veis sem utiliza\u00e7\u00e3o, sobretudo em tempos de escassez de recursos. A previs\u00e3o \u00e9 de que as contas p\u00fablicas tenham deficit de at\u00e9 R$ 159 bilh\u00f5es neste ano. Ser\u00e1 o quinto exerc\u00edcio seguido no vermelho. Na melhor das hip\u00f3teses, as contas p\u00fablicas s\u00f3 votar\u00e3o a registrar superavit em 2021.<\/p>\n<p>&nbsp;<\/p>\n<p><em>Bras\u00edlia, 14h25min<\/em><\/p>\n","protected":false},"excerpt":{"rendered":"<p>&nbsp; Na luta para fazer caixa, o\u00a0governo federal colocou \u00e0 venda, nesta quarta-feira (11\/07), sete im\u00f3veis no Distrito Federal.\u00a0S\u00e3o tr\u00eas terrenos no Lago Sul \u2014 dois na QL 26, um na QL 12 \u2014, al\u00e9m de tr\u00eas proje\u00e7\u00f5es na Asa Norte (SQN 113 e 114) e um lote no Setor de Garagens Oficiais. As \u00e1reas [&hellip;]<\/p>\n","protected":false},"author":22,"featured_media":0,"comment_status":"open","ping_status":"closed","sticky":false,"template":"","format":"standard","meta":{"footnotes":""},"categories":[600],"tags":[3524,3523,2330,762,2768],"class_list":["post-8673","post","type-post","status-publish","format-standard","hentry","category-economia","tag-asa-norte","tag-lago-sul","tag-terrenos","tag-uniao","tag-venda"],"_links":{"self":[{"href":"https:\/\/blogs.correiobraziliense.com.br\/vicente\/wp-json\/wp\/v2\/posts\/8673","targetHints":{"allow":["GET"]}}],"collection":[{"href":"https:\/\/blogs.correiobraziliense.com.br\/vicente\/wp-json\/wp\/v2\/posts"}],"about":[{"href":"https:\/\/blogs.correiobraziliense.com.br\/vicente\/wp-json\/wp\/v2\/types\/post"}],"author":[{"embeddable":true,"href":"https:\/\/blogs.correiobraziliense.com.br\/vicente\/wp-json\/wp\/v2\/users\/22"}],"replies":[{"embeddable":true,"href":"https:\/\/blogs.correiobraziliense.com.br\/vicente\/wp-json\/wp\/v2\/comments?post=8673"}],"version-history":[{"count":1,"href":"https:\/\/blogs.correiobraziliense.com.br\/vicente\/wp-json\/wp\/v2\/posts\/8673\/revisions"}],"predecessor-version":[{"id":8675,"href":"https:\/\/blogs.correiobraziliense.com.br\/vicente\/wp-json\/wp\/v2\/posts\/8673\/revisions\/8675"}],"wp:attachment":[{"href":"https:\/\/blogs.correiobraziliense.com.br\/vicente\/wp-json\/wp\/v2\/media?parent=8673"}],"wp:term":[{"taxonomy":"category","embeddable":true,"href":"https:\/\/blogs.correiobraziliense.com.br\/vicente\/wp-json\/wp\/v2\/categories?post=8673"},{"taxonomy":"post_tag","embeddable":true,"href":"https:\/\/blogs.correiobraziliense.com.br\/vicente\/wp-json\/wp\/v2\/tags?post=8673"}],"curies":[{"name":"wp","href":"https:\/\/api.w.org\/{rel}","templated":true}]}}