{"id":8659,"date":"2018-07-10T18:50:52","date_gmt":"2018-07-10T21:50:52","guid":{"rendered":"https:\/\/blogs.correiobraziliense.com.br\/vicente\/?p=8659"},"modified":"2018-07-10T19:53:07","modified_gmt":"2018-07-10T22:53:07","slug":"quem-sacar-o-pispasep-em-agosto-tera-897-mais-de-rendimento","status":"publish","type":"post","link":"https:\/\/blogs.correiobraziliense.com.br\/vicente\/quem-sacar-o-pispasep-em-agosto-tera-897-mais-de-rendimento\/","title":{"rendered":"Quem sacar o PIS\/Pasep em agosto ter\u00e1 8,97% a mais de rendimento"},"content":{"rendered":"<h2>HAMILTON FERRARI<\/h2>\n<h2><\/h2>\n<h2>Os trabalhadores que ainda n\u00e3o sacaram o dinheiro do PIS\/Pasep devem ficar atentos. A partir de 8 de agosto, os\u00a0 recursos ser\u00e3o corrigidos em 8,97%, conforme informa\u00e7\u00e3o do Tesouro Nacional. Ou seja, bastar\u00e1 um pouquinho mais de paci\u00eancia para que o patrim\u00f4nio aumente. Para cada R$ 100 depositados no PIS\/Pasep, poder\u00e3o ser sacados mais R$ 8,97.<\/h2>\n<p>&nbsp;<\/p>\n<p>Por lei, os rendimentos do PIS\/Pasep s\u00e3o pagos uma vez por ano, todo m\u00eas de agosto. Desta vez, o ganho ser\u00e1 o dobro da infla\u00e7\u00e3o acumulada nos 12 meses terminados em junho (4,4%). Segundo c\u00e1lculos da Caixa Econ\u00f4mica Federal , sem os rendimentos, cada trabalhador receberia, em m\u00e9dia, R$ 1.370. Com a corre\u00e7\u00e3o, o saque m\u00e9dio ser\u00e1 de R$\u00a01.493.<\/p>\n<p>&nbsp;<\/p>\n<p>A meta do governo, com a libera\u00e7\u00e3o dos recursos do PIS\/Pasep, foi injetar recursos na economia para estimular o consumo das fam\u00edlias, um dos pilares do Produto Interno Bruto (PIB), que vem perdendo for\u00e7a. A expectativa \u00e9 de que as retiradas somem R$ 34,3 bilh\u00f5es.<\/p>\n<p>&nbsp;<\/p>\n<p>O saque do PIS\/Pasep foi liberado para pessoas com 57 anos ou mais a partir de 18 de julho. No fim daquele m\u00eas, as retiradas foram suspensas para que os rendimentos fossem computados. T\u00eam direito ao saque trabalhadores que contribu\u00edram para o PIS ou para o Pasep at\u00e9 4 de outubro de 1988 e que ainda n\u00e3o resgataram todo o saldo.<\/p>\n<p>&nbsp;<\/p>\n<p>A partir de agosto, trabalhadores de qualquer idade poder\u00e3o resgatar o saldo do PIS\/Pasep, desde que tenham contribu\u00eddo at\u00e9 1988. A Caixa \u00e9 respons\u00e1vel pelo pagamento do PIS e o Banco do Brasil, pelo Pasep. Em\u00a08 de agosto, clientes da Caixa e do BB receber\u00e3o os recursos a que t\u00eam direito em conta corrente ou na caderneta de poupan\u00e7a. De 14 de agosto a 28 de setembro, os saques estar\u00e3o dispon\u00edveis para todos.<\/p>\n<p>&nbsp;<\/p>\n<p>Pelos c\u00e1lculos do governo, ao todo, 57 milh\u00f5es de pessoas devem ser beneficiadas com a medida. Quem ainda n\u00e3o conferiu se tem dinheiro para receber pode\u00a0ir ao site da Caixa, se for trabalhador da iniciativa privada, ou do Banco do Brasil, se for servidor p\u00fablico. Basta informar o CPF e a data de nascimento.<\/p>\n<p>&nbsp;<\/p>\n<p><em>Bras\u00edlia, 18h50min<\/em><\/p>\n<p>&nbsp;<\/p>\n","protected":false},"excerpt":{"rendered":"<p>HAMILTON FERRARI Os trabalhadores que ainda n\u00e3o sacaram o dinheiro do PIS\/Pasep devem ficar atentos. A partir de 8 de agosto, os\u00a0 recursos ser\u00e3o corrigidos em 8,97%, conforme informa\u00e7\u00e3o do Tesouro Nacional. Ou seja, bastar\u00e1 um pouquinho mais de paci\u00eancia para que o patrim\u00f4nio aumente. Para cada R$ 100 depositados no PIS\/Pasep, poder\u00e3o ser sacados [&hellip;]<\/p>\n","protected":false},"author":22,"featured_media":0,"comment_status":"open","ping_status":"closed","sticky":false,"template":"","format":"standard","meta":{"footnotes":""},"categories":[600],"tags":[1002,3521,2949,3520,54],"class_list":["post-8659","post","type-post","status-publish","format-standard","hentry","category-economia","tag-1002","tag-97-a-mais","tag-pispasep","tag-rendimentos","tag-saques"],"_links":{"self":[{"href":"https:\/\/blogs.correiobraziliense.com.br\/vicente\/wp-json\/wp\/v2\/posts\/8659","targetHints":{"allow":["GET"]}}],"collection":[{"href":"https:\/\/blogs.correiobraziliense.com.br\/vicente\/wp-json\/wp\/v2\/posts"}],"about":[{"href":"https:\/\/blogs.correiobraziliense.com.br\/vicente\/wp-json\/wp\/v2\/types\/post"}],"author":[{"embeddable":true,"href":"https:\/\/blogs.correiobraziliense.com.br\/vicente\/wp-json\/wp\/v2\/users\/22"}],"replies":[{"embeddable":true,"href":"https:\/\/blogs.correiobraziliense.com.br\/vicente\/wp-json\/wp\/v2\/comments?post=8659"}],"version-history":[{"count":1,"href":"https:\/\/blogs.correiobraziliense.com.br\/vicente\/wp-json\/wp\/v2\/posts\/8659\/revisions"}],"predecessor-version":[{"id":8660,"href":"https:\/\/blogs.correiobraziliense.com.br\/vicente\/wp-json\/wp\/v2\/posts\/8659\/revisions\/8660"}],"wp:attachment":[{"href":"https:\/\/blogs.correiobraziliense.com.br\/vicente\/wp-json\/wp\/v2\/media?parent=8659"}],"wp:term":[{"taxonomy":"category","embeddable":true,"href":"https:\/\/blogs.correiobraziliense.com.br\/vicente\/wp-json\/wp\/v2\/categories?post=8659"},{"taxonomy":"post_tag","embeddable":true,"href":"https:\/\/blogs.correiobraziliense.com.br\/vicente\/wp-json\/wp\/v2\/tags?post=8659"}],"curies":[{"name":"wp","href":"https:\/\/api.w.org\/{rel}","templated":true}]}}