{"id":8657,"date":"2018-07-10T18:01:58","date_gmt":"2018-07-10T21:01:58","guid":{"rendered":"https:\/\/blogs.correiobraziliense.com.br\/vicente\/?p=8657"},"modified":"2018-07-10T18:53:26","modified_gmt":"2018-07-10T21:53:26","slug":"se-populacao-nao-mudar-habitos-havera-cada-vez-mais-catastrofes-climaticas","status":"publish","type":"post","link":"https:\/\/blogs.correiobraziliense.com.br\/vicente\/se-populacao-nao-mudar-habitos-havera-cada-vez-mais-catastrofes-climaticas\/","title":{"rendered":"Se popula\u00e7\u00e3o n\u00e3o mudar h\u00e1bitos, haver\u00e1 cada vez mais cat\u00e1strofes clim\u00e1ticas"},"content":{"rendered":"<h2>Durante dois dias, cerca de 100 pessoas discutiram solu\u00e7\u00f5es econ\u00f4micas baseadas na natureza para os principais problemas que atingem as cidades no mundo, como crescimento desordenado, desigualdade social e degrada\u00e7\u00e3o ambiental. Maior evento sobre o tema j\u00e1 realizado no Brasil, o 2\u00ba Semin\u00e1rio Internacional sobre Solu\u00e7\u00f5es Baseadas na Natureza (na sigla em ingl\u00eas, NBS \u2013 Nature-Based Solutions) reuniu especialistas brasileiros e europeus, na segunda e na ter\u00e7a-feira (9 e 10\/07), no Museu da Rep\u00fablica, em Bras\u00edlia.<\/h2>\n<p>&nbsp;<\/p>\n<p>\u201cEssa \u00e9 uma das grandes tem\u00e1ticas da rela\u00e7\u00e3o da Uni\u00e3o Europeia (UE) com o Brasil. Est\u00e1 havendo uma mudan\u00e7a muito significativa de comportamento em rela\u00e7\u00e3o \u00e0s solu\u00e7\u00f5es baseadas na natureza, que antes eram vistas como ut\u00f3picas. J\u00e1 ficou evidente que, se n\u00e3o mudarmos de paradigma, haver\u00e1 cada vez mais cat\u00e1strofes, uma vez que o aumento da popula\u00e7\u00e3o urbana trouxe como consequ\u00eancia a degrada\u00e7\u00e3o ambiental e socioecon\u00f4mica, hoje agravada pelo impacto dos efeitos das mudan\u00e7as clim\u00e1ticas, agora sentidos com maior intensidade em todos os pa\u00edses\u201d, afirmou o embaixador Jo\u00e3o Gomes Cravinho, da UE no Brasil.<\/p>\n<p>&nbsp;<\/p>\n<p>Essa vis\u00e3o foi endossada pelo presidente do CGEE, Marcio Miranda. \u201cAcho que \u00e9 muito importante partirmos de uma vis\u00e3o de mundo que tem na natureza padr\u00f5es a serem observados e utilizados. Obviamente, tendo o conhecimento produzido pela ci\u00eancia e tecnologia como grande parceiro desse processo\u201d, destacou.<\/p>\n<p>&nbsp;<\/p>\n<p>Especialistas europeus apresentaram o conceito de NBS como forma de contribuir para a concep\u00e7\u00e3o de um roteiro brasileiro nessas solu\u00e7\u00f5es baseadas na natureza, ou tamb\u00e9m chamadas infraestruturas verdes. Foram expostos exemplos de NBS na UE, nas cidades de Mil\u00e3o (It\u00e1llia), Lisboa (Portugal), Eindhoven (Holanda) e Vitoria-Gasteiz (Espanha), entre outras.<\/p>\n<p>&nbsp;<\/p>\n<p>O Brasil tamb\u00e9m apresentou casos de sucesso em Recife (PE), Belo Horizonte (MG), Curitiba (PR) e Bras\u00edlia (DF). O empres\u00e1rio Oded Grajew falou do Programa Cidades Sustent\u00e1veis da Nossa S\u00e3o Paulo. Segundo ele, a iniciativa tenta mudar a cultura de gest\u00e3o das cidades, fazendo com que os prefeitos trabalhem com indicadores de sustentabilidade.<\/p>\n<p>&nbsp;<\/p>\n<p>Al\u00e9m da apresenta\u00e7\u00e3o de pain\u00e9is, o evento contou com com oficinas sobre como envolver as comunidades em projetos de NBS, oportunidades de financiamento para solu\u00e7\u00f5es baseadas na natureza dentro do programa da UE Horizon 2020, cria\u00e7\u00e3o de indicadores para medir os impactos dessas medidas e a import\u00e2ncia da participa\u00e7\u00e3o do setor privado.<\/p>\n<p>&nbsp;<\/p>\n<p>O semin\u00e1rio foi realizado pelo Centro de Gest\u00e3o e Estudos Estrat\u00e9gicos (CGEE), em parceria com a Uni\u00e3o Europeia, por meio do Programa Di\u00e1logos Setoriais, o Minist\u00e9rio da Ci\u00eancia, Tecnologia, Inova\u00e7\u00f5es e Comunica\u00e7\u00f5es (MCTIC) e o Local Governments for Sustainability (Iclei).<\/p>\n<p>&nbsp;<\/p>\n<p><em>Bras\u00edlia, 18h01min<\/em><\/p>\n","protected":false},"excerpt":{"rendered":"<p>Durante dois dias, cerca de 100 pessoas discutiram solu\u00e7\u00f5es econ\u00f4micas baseadas na natureza para os principais problemas que atingem as cidades no mundo, como crescimento desordenado, desigualdade social e degrada\u00e7\u00e3o ambiental. Maior evento sobre o tema j\u00e1 realizado no Brasil, o 2\u00ba Semin\u00e1rio Internacional sobre Solu\u00e7\u00f5es Baseadas na Natureza (na sigla em ingl\u00eas, NBS \u2013 [&hellip;]<\/p>\n","protected":false},"author":22,"featured_media":0,"comment_status":"open","ping_status":"closed","sticky":false,"template":"","format":"standard","meta":{"footnotes":""},"categories":[600],"tags":[],"class_list":["post-8657","post","type-post","status-publish","format-standard","hentry","category-economia"],"_links":{"self":[{"href":"https:\/\/blogs.correiobraziliense.com.br\/vicente\/wp-json\/wp\/v2\/posts\/8657","targetHints":{"allow":["GET"]}}],"collection":[{"href":"https:\/\/blogs.correiobraziliense.com.br\/vicente\/wp-json\/wp\/v2\/posts"}],"about":[{"href":"https:\/\/blogs.correiobraziliense.com.br\/vicente\/wp-json\/wp\/v2\/types\/post"}],"author":[{"embeddable":true,"href":"https:\/\/blogs.correiobraziliense.com.br\/vicente\/wp-json\/wp\/v2\/users\/22"}],"replies":[{"embeddable":true,"href":"https:\/\/blogs.correiobraziliense.com.br\/vicente\/wp-json\/wp\/v2\/comments?post=8657"}],"version-history":[{"count":1,"href":"https:\/\/blogs.correiobraziliense.com.br\/vicente\/wp-json\/wp\/v2\/posts\/8657\/revisions"}],"predecessor-version":[{"id":8658,"href":"https:\/\/blogs.correiobraziliense.com.br\/vicente\/wp-json\/wp\/v2\/posts\/8657\/revisions\/8658"}],"wp:attachment":[{"href":"https:\/\/blogs.correiobraziliense.com.br\/vicente\/wp-json\/wp\/v2\/media?parent=8657"}],"wp:term":[{"taxonomy":"category","embeddable":true,"href":"https:\/\/blogs.correiobraziliense.com.br\/vicente\/wp-json\/wp\/v2\/categories?post=8657"},{"taxonomy":"post_tag","embeddable":true,"href":"https:\/\/blogs.correiobraziliense.com.br\/vicente\/wp-json\/wp\/v2\/tags?post=8657"}],"curies":[{"name":"wp","href":"https:\/\/api.w.org\/{rel}","templated":true}]}}