{"id":8644,"date":"2018-07-08T15:09:52","date_gmt":"2018-07-08T18:09:52","guid":{"rendered":"https:\/\/blogs.correiobraziliense.com.br\/vicente\/?p=8644"},"modified":"2018-07-08T21:22:02","modified_gmt":"2018-07-09T00:22:02","slug":"ministerio-publico-abre-nove-inqueritos-para-apurar-irregularidades-no-inmetro","status":"publish","type":"post","link":"https:\/\/blogs.correiobraziliense.com.br\/vicente\/ministerio-publico-abre-nove-inqueritos-para-apurar-irregularidades-no-inmetro\/","title":{"rendered":"Minist\u00e9rio P\u00fablico abre nove inqu\u00e9ritos para apurar irregularidades no Inmetro"},"content":{"rendered":"<h2>O descalabro na administra\u00e7\u00e3o do\u00a0Instituto Nacional de Metrologia, Qualidade e Tecnologia (Inmetro) \u00e9 cada vez maior. Para tentar frear as irregularidades, a\u00a0procuradora Renata Ribeiro Batista, do Minist\u00e9rio P\u00fablico Federal (MPF), abriu pelo menos nove processos contra o \u00f3rg\u00e3o. Est\u00e3o no alvo decis\u00f5es do presidente do\u00a0Inmetro, Carlos Augusto Azevedo, e do ex-diretor\u00a0Alexander Assis de Oliveira, exonerado na quarta-feira (04\/07).<\/h2>\n<p>&nbsp;<\/p>\n<p>S\u00e3o muitas as suspeitas e acusa\u00e7\u00f5es contra a atual diretoria do Inmetro. V\u00e3o de ass\u00e9dio moral a fraudes em contratos com empresas de limpeza e de processamento de dados. Para o MPF, n\u00e3o h\u00e1 surpresa nas irregularidades, uma vez que o presidente do \u00f3rg\u00e3o j\u00e1 foi condenado em segunda inst\u00e2ncia por improbidade administrativa durante sua passagem pela Funda\u00e7\u00e3o de Apoio \u00e0 Escola T\u00e9cnica (Faetec), como mostrou o <strong>Correio<\/strong>.<\/p>\n<p>&nbsp;<\/p>\n<p>O descontentamento com a gest\u00e3o de Azevedo \u00e9 grande. Segundo funcion\u00e1rios do Inmetro, que est\u00e1 subordinado ao Minist\u00e9rio da Ind\u00fastria, Com\u00e9rcio Exterior e Servi\u00e7os (Mdic), nunca o aparelhamento pol\u00edtico em um instituto que sempre teve gest\u00e3o t\u00e9cnica foi t\u00e3o grande. O fato mais recente a provocar pol\u00eamica foi a nomea\u00e7\u00e3o de Robson Alves de Carvalho, o DJ Robson Rabbit, para chefiar a \u00e1rea de compras do Inmetro, como <a href=\"https:\/\/blogs.correiobraziliense.com.br\/vicente\/dj-e-nomeado-para-comandar-orcamento-de-r-40-milhoes-do-inmetro\/\">informou o <strong>Blog<\/strong><\/a>. Mesmo sem experi\u00eancia, ele est\u00e1 administrando um or\u00e7amento milion\u00e1rio.<\/p>\n<p>&nbsp;<\/p>\n<p>Azevedo \u00e9 muito ligado ao prefeito de Duque de Caxias,\u00a0Washington Reis, do MDB. A proximidade entre os dois \u00e9 t\u00e3o grande, que o Inmetro doou um terreno que tinha na cidade para a prefeitura. Os servidores contam que o ex-presidente do \u00f3rg\u00e3o Lu\u00eds Fernando Panelli C\u00e9sar foi secret\u00e1rio de Fazenda e Planejamento do munic\u00edpio. Ou seja, n\u00e3o \u00e9 de hoje que Washington Reis d\u00e1 as cartas no Inmetro.<\/p>\n<p>&nbsp;<\/p>\n<p>Dentro do governo, h\u00e1 quem diga que o presidente do Inmetro s\u00f3 est\u00e1 no cargo por ser protegido do deputado Celso Russomano, do PRB, o partido que comanda o Mdic. Ele tamb\u00e9m contaria com a simpatia do deputado Celso Pansera, do PT do Rio de Janeiro. Pansera foi ministro da Ci\u00eancia e Tecnologia e Inova\u00e7\u00e3o no governo de Dilma Rousseff.<\/p>\n<p>&nbsp;<\/p>\n<p><em>Bras\u00edlia, 15h09min<\/em><\/p>\n","protected":false},"excerpt":{"rendered":"<p>O descalabro na administra\u00e7\u00e3o do\u00a0Instituto Nacional de Metrologia, Qualidade e Tecnologia (Inmetro) \u00e9 cada vez maior. Para tentar frear as irregularidades, a\u00a0procuradora Renata Ribeiro Batista, do Minist\u00e9rio P\u00fablico Federal (MPF), abriu pelo menos nove processos contra o \u00f3rg\u00e3o. Est\u00e3o no alvo decis\u00f5es do presidente do\u00a0Inmetro, Carlos Augusto Azevedo, e do ex-diretor\u00a0Alexander Assis de Oliveira, exonerado [&hellip;]<\/p>\n","protected":false},"author":22,"featured_media":0,"comment_status":"open","ping_status":"closed","sticky":false,"template":"","format":"standard","meta":{"footnotes":""},"categories":[600],"tags":[3088,3515,3084,159,889],"class_list":["post-8644","post","type-post","status-publish","format-standard","hentry","category-economia","tag-carlos-augusto-azevedo","tag-dj-robson","tag-inmetro","tag-irregularidades","tag-ministerio-publico"],"_links":{"self":[{"href":"https:\/\/blogs.correiobraziliense.com.br\/vicente\/wp-json\/wp\/v2\/posts\/8644","targetHints":{"allow":["GET"]}}],"collection":[{"href":"https:\/\/blogs.correiobraziliense.com.br\/vicente\/wp-json\/wp\/v2\/posts"}],"about":[{"href":"https:\/\/blogs.correiobraziliense.com.br\/vicente\/wp-json\/wp\/v2\/types\/post"}],"author":[{"embeddable":true,"href":"https:\/\/blogs.correiobraziliense.com.br\/vicente\/wp-json\/wp\/v2\/users\/22"}],"replies":[{"embeddable":true,"href":"https:\/\/blogs.correiobraziliense.com.br\/vicente\/wp-json\/wp\/v2\/comments?post=8644"}],"version-history":[{"count":2,"href":"https:\/\/blogs.correiobraziliense.com.br\/vicente\/wp-json\/wp\/v2\/posts\/8644\/revisions"}],"predecessor-version":[{"id":8646,"href":"https:\/\/blogs.correiobraziliense.com.br\/vicente\/wp-json\/wp\/v2\/posts\/8644\/revisions\/8646"}],"wp:attachment":[{"href":"https:\/\/blogs.correiobraziliense.com.br\/vicente\/wp-json\/wp\/v2\/media?parent=8644"}],"wp:term":[{"taxonomy":"category","embeddable":true,"href":"https:\/\/blogs.correiobraziliense.com.br\/vicente\/wp-json\/wp\/v2\/categories?post=8644"},{"taxonomy":"post_tag","embeddable":true,"href":"https:\/\/blogs.correiobraziliense.com.br\/vicente\/wp-json\/wp\/v2\/tags?post=8644"}],"curies":[{"name":"wp","href":"https:\/\/api.w.org\/{rel}","templated":true}]}}