{"id":8636,"date":"2018-07-06T12:28:34","date_gmt":"2018-07-06T15:28:34","guid":{"rendered":"https:\/\/blogs.correiobraziliense.com.br\/vicente\/?p=8636"},"modified":"2018-07-06T14:58:27","modified_gmt":"2018-07-06T17:58:27","slug":"toffoli-vai-assumir-presidencia-do-stf-e-pode-soltar-lula-em-julho","status":"publish","type":"post","link":"https:\/\/blogs.correiobraziliense.com.br\/vicente\/toffoli-vai-assumir-presidencia-do-stf-e-pode-soltar-lula-em-julho\/","title":{"rendered":"Toffoli vai assumir presid\u00eancia do STF e pode soltar Lula em julho"},"content":{"rendered":"<h2>H\u00e1 muitos petistas comemorando por antecipa\u00e7\u00e3o e j\u00e1 fazendo as contas. Eles apostam alto que o ministro Dias Toffoli, do Supremo Tribunal Federal (STF), poder\u00e1 tirar Lula da cadeia ainda neste m\u00eas de julho, informa a jornalista Denise Rothenburg, do <strong>Correio<\/strong>.<\/h2>\n<p>&nbsp;<\/p>\n<p>Como o presidente Michel Temer far\u00e1 v\u00e1rias viagens para o exterior, a presidente do STF, C\u00e1rmen L\u00facia, assumir\u00e1 o comando do pa\u00eds. Com isso, Dias Toffoli passar\u00e1 a tocar o Supremo nesse per\u00edodo de recesso do Judici\u00e1rio. Na presid\u00eancia da Corte, poder\u00e1 acolher monocraticamente qualquer liminar que lhe chegar \u00e0s m\u00e3os, inclusive uma requerendo a liberdade de Lula.<\/p>\n<p>&nbsp;<\/p>\n<p>Os petistas n\u00e3o querem fazer alarde sobre tal possibilidade, mas, internamente, j\u00e1 fazem planos, como o de promover uma grande viagem do petista pelo pa\u00eds para refor\u00e7ar a candidatura dele ao Pal\u00e1cio do Planalto. A meta ser\u00e1 constranger ao m\u00e1ximo a Justi\u00e7a Eleitoral, que, pela Lei da Ficha Limpa, ter\u00e1 que negar o registro de Lula como candidato.<\/p>\n<p>&nbsp;<\/p>\n<p>O prazo para a poss\u00edvel liberdade de Lula j\u00e1 est\u00e1 demarcado: entre 23 e 27 de julho. Nesse per\u00edodo, Temer vai emendar duas viagens ao exterior. A primeira parada, entre 23 e 24, ser\u00e1 no M\u00e9xico, onde ele participar\u00e1 da reuni\u00e3o da Alian\u00e7a do Pac\u00edfico. A segunda parada ser\u00e1 na \u00c1frica do Sul, para a reuni\u00e3o dos Brics, acr\u00f4nimo que re\u00fane, al\u00e9m daquele pa\u00eds, Brasil, China, R\u00fassia e \u00cdndia.<\/p>\n<p>&nbsp;<\/p>\n<p>Pela lei eleitoral, nem o presidente da C\u00e2mara, Rodrigo Maia, nem o presidente do Senado, Eun\u00edcio Oliveira, podem assumir a Presid\u00eancia da Rep\u00fablica, pois, se o fizessem, estariam impedidos de disputar as pr\u00f3ximas elei\u00e7\u00f5es. Eles tamb\u00e9m devem se ausentar do pa\u00eds. Por, isso, o chefia do Brasil vai para C\u00e1rmen L\u00facia.<\/p>\n<p>&nbsp;<\/p>\n<p>Como diz um petista graduado, tudo conspira a favor da liberta\u00e7\u00e3o de Lula. Depois de Jos\u00e9 Dirceu, de quem foi subordinado, Toffoli poder\u00e1 tirar Lula da cadeia, criando um grande fato pol\u00edtico, que ter\u00e1 enorme repercuss\u00e3o nas elei\u00e7\u00f5es. O pa\u00eds, por sinal, j\u00e1 estar\u00e1 mergulhado na corrida ao Pal\u00e1cio do Planalto.<\/p>\n<p>&nbsp;<\/p>\n<p><em>Bras\u00edlia,\u00a0 12h28min<\/em><\/p>\n<p>&nbsp;<\/p>\n","protected":false},"excerpt":{"rendered":"<p>H\u00e1 muitos petistas comemorando por antecipa\u00e7\u00e3o e j\u00e1 fazendo as contas. Eles apostam alto que o ministro Dias Toffoli, do Supremo Tribunal Federal (STF), poder\u00e1 tirar Lula da cadeia ainda neste m\u00eas de julho, informa a jornalista Denise Rothenburg, do Correio. &nbsp; Como o presidente Michel Temer far\u00e1 v\u00e1rias viagens para o exterior, a presidente [&hellip;]<\/p>\n","protected":false},"author":22,"featured_media":0,"comment_status":"open","ping_status":"closed","sticky":false,"template":"","format":"standard","meta":{"footnotes":""},"categories":[600],"tags":[3511,3512,23,111,351,192,1121],"class_list":["post-8636","post","type-post","status-publish","format-standard","hentry","category-economia","tag-dias-toffoli","tag-liberdade","tag-lula","tag-michel-temer","tag-prisao","tag-stf","tag-viagens"],"_links":{"self":[{"href":"https:\/\/blogs.correiobraziliense.com.br\/vicente\/wp-json\/wp\/v2\/posts\/8636","targetHints":{"allow":["GET"]}}],"collection":[{"href":"https:\/\/blogs.correiobraziliense.com.br\/vicente\/wp-json\/wp\/v2\/posts"}],"about":[{"href":"https:\/\/blogs.correiobraziliense.com.br\/vicente\/wp-json\/wp\/v2\/types\/post"}],"author":[{"embeddable":true,"href":"https:\/\/blogs.correiobraziliense.com.br\/vicente\/wp-json\/wp\/v2\/users\/22"}],"replies":[{"embeddable":true,"href":"https:\/\/blogs.correiobraziliense.com.br\/vicente\/wp-json\/wp\/v2\/comments?post=8636"}],"version-history":[{"count":1,"href":"https:\/\/blogs.correiobraziliense.com.br\/vicente\/wp-json\/wp\/v2\/posts\/8636\/revisions"}],"predecessor-version":[{"id":8637,"href":"https:\/\/blogs.correiobraziliense.com.br\/vicente\/wp-json\/wp\/v2\/posts\/8636\/revisions\/8637"}],"wp:attachment":[{"href":"https:\/\/blogs.correiobraziliense.com.br\/vicente\/wp-json\/wp\/v2\/media?parent=8636"}],"wp:term":[{"taxonomy":"category","embeddable":true,"href":"https:\/\/blogs.correiobraziliense.com.br\/vicente\/wp-json\/wp\/v2\/categories?post=8636"},{"taxonomy":"post_tag","embeddable":true,"href":"https:\/\/blogs.correiobraziliense.com.br\/vicente\/wp-json\/wp\/v2\/tags?post=8636"}],"curies":[{"name":"wp","href":"https:\/\/api.w.org\/{rel}","templated":true}]}}