{"id":8632,"date":"2018-07-06T09:29:19","date_gmt":"2018-07-06T12:29:19","guid":{"rendered":"https:\/\/blogs.correiobraziliense.com.br\/vicente\/?p=8632"},"modified":"2018-07-06T09:34:49","modified_gmt":"2018-07-06T12:34:49","slug":"ipca-tem-alta-de-126-em-junho-e-pressiona-bc","status":"publish","type":"post","link":"https:\/\/blogs.correiobraziliense.com.br\/vicente\/ipca-tem-alta-de-126-em-junho-e-pressiona-bc\/","title":{"rendered":"Infla\u00e7\u00e3o tem alta de 1,26% em junho e pressiona BC"},"content":{"rendered":"<p>ANTONIO TEM\u00d3TEO<\/p>\n<p>&nbsp;<\/p>\n<p>O \u00cdndice Nacional de Pre\u00e7os ao Consumidor Amplo (IPCA) de junho registrou alta de 1,26%, conforme dados divulgados pelo Instituto Brasileiro de Geografia e Estat\u00edstica (IBGE). O resultado \u00e9 o pior para o m\u00eas desde 1995, quando a taxa subiu 2,26% e \u00e9 a primeira vez, desde janeiro de 2016, que o IPCA fica acima de 1%. No mesmo per\u00edodo do ano passado, houve defla\u00e7\u00e3o de 0,23%.<span class=\"Apple-converted-space\">\u00a0O \u00edndice foi influenciado negativamente pela greve dos caminhoneiros.\u00a0<\/span><\/p>\n<p>&nbsp;<\/p>\n<p>Nos \u00faltimos 12 meses encerrados em junho, a carestia alcan\u00e7ou 4,39%. Os dados do IBGE pressionam ainda mais o Banco Central (BC). A autoridade monet\u00e1ria estimou no Relat\u00f3rio Trimestral de Infla\u00e7\u00e3o (RTI) que o IPCA de junho teria varia\u00e7\u00e3o de 1,06% e a diferen\u00e7a de 0,2 ponto percentual mostra que a alta nos pre\u00e7os foi pior do que o projetado pela equipe de Ilan Goldfajn.<span class=\"Apple-converted-space\">\u00a0<\/span><\/p>\n<p><span class=\"Apple-converted-space\">\u00a0\u00a0<\/span><\/p>\n<p>Entre os nove grupos de produtos e servi\u00e7os pesquisados, apenas o de vestu\u00e1rio registrou defla\u00e7\u00e3o 0,16% em junho. Os demais registraram alta. Os grupos Alimenta\u00e7\u00e3o e bebidas (2,03%), Habita\u00e7\u00e3o (2,48%) e Transportes (1,58%), que concentram, aproximadamente, 60% das despesas das fam\u00edlias, foram os que mais influenciaram o IPCA de junho, com 1,18 p.p. de impacto, ou cerca de 93% do \u00edndice.<\/p>\n<p>&nbsp;<\/p>\n<p>Os alimentos para consumo no domic\u00edlio subiram 3,09%, ap\u00f3s a t\u00edmida alta de 0,36% em maio. As principais press\u00f5es nos pre\u00e7os foram da com a batata-inglesa, que teve alta de 17,16%, o leite longa vida, que encareceu 15,63%, o frango inteiro, que subiu 8,02%, e as carnes, que ficaram a 4,60% mais caras.<\/p>\n<p>&nbsp;<\/p>\n<p>No grupo Habita\u00e7\u00e3o, o pre\u00e7o a energia el\u00e9trica, com alta de 7,93%, foi a principal press\u00e3o sobre os pre\u00e7os. Desde 1\u00ba de junho est\u00e1 em vigor a bandeira tarif\u00e1ria vermelha patamar 2, que adicionou R$ 0,05 a cada kwh consumido.<span class=\"Apple-converted-space\">\u00a0<\/span><\/p>\n","protected":false},"excerpt":{"rendered":"<p>ANTONIO TEM\u00d3TEO &nbsp; O \u00cdndice Nacional de Pre\u00e7os ao Consumidor Amplo (IPCA) de junho registrou alta de 1,26%, conforme dados divulgados pelo Instituto Brasileiro de Geografia e Estat\u00edstica (IBGE). O resultado \u00e9 o pior para o m\u00eas desde 1995, quando a taxa subiu 2,26% e \u00e9 a primeira vez, desde janeiro de 2016, que o [&hellip;]<\/p>\n","protected":false},"author":22,"featured_media":0,"comment_status":"open","ping_status":"closed","sticky":false,"template":"","format":"standard","meta":{"footnotes":""},"categories":[600],"tags":[210,3,106,14,1213,829,390,2117,2427],"class_list":["post-8632","post","type-post","status-publish","format-standard","hentry","category-economia","tag-alimentos","tag-banco-central","tag-bc","tag-inflacao","tag-ipca","tag-junho","tag-precos","tag-rti","tag-transportes"],"_links":{"self":[{"href":"https:\/\/blogs.correiobraziliense.com.br\/vicente\/wp-json\/wp\/v2\/posts\/8632","targetHints":{"allow":["GET"]}}],"collection":[{"href":"https:\/\/blogs.correiobraziliense.com.br\/vicente\/wp-json\/wp\/v2\/posts"}],"about":[{"href":"https:\/\/blogs.correiobraziliense.com.br\/vicente\/wp-json\/wp\/v2\/types\/post"}],"author":[{"embeddable":true,"href":"https:\/\/blogs.correiobraziliense.com.br\/vicente\/wp-json\/wp\/v2\/users\/22"}],"replies":[{"embeddable":true,"href":"https:\/\/blogs.correiobraziliense.com.br\/vicente\/wp-json\/wp\/v2\/comments?post=8632"}],"version-history":[{"count":3,"href":"https:\/\/blogs.correiobraziliense.com.br\/vicente\/wp-json\/wp\/v2\/posts\/8632\/revisions"}],"predecessor-version":[{"id":8635,"href":"https:\/\/blogs.correiobraziliense.com.br\/vicente\/wp-json\/wp\/v2\/posts\/8632\/revisions\/8635"}],"wp:attachment":[{"href":"https:\/\/blogs.correiobraziliense.com.br\/vicente\/wp-json\/wp\/v2\/media?parent=8632"}],"wp:term":[{"taxonomy":"category","embeddable":true,"href":"https:\/\/blogs.correiobraziliense.com.br\/vicente\/wp-json\/wp\/v2\/categories?post=8632"},{"taxonomy":"post_tag","embeddable":true,"href":"https:\/\/blogs.correiobraziliense.com.br\/vicente\/wp-json\/wp\/v2\/tags?post=8632"}],"curies":[{"name":"wp","href":"https:\/\/api.w.org\/{rel}","templated":true}]}}