{"id":8613,"date":"2018-07-05T12:05:47","date_gmt":"2018-07-05T15:05:47","guid":{"rendered":"https:\/\/blogs.correiobraziliense.com.br\/vicente\/?p=8613"},"modified":"2018-07-05T12:37:21","modified_gmt":"2018-07-05T15:37:21","slug":"roberto-jefferson-entrega-ministerio-do-trabalho-temer","status":"publish","type":"post","link":"https:\/\/blogs.correiobraziliense.com.br\/vicente\/roberto-jefferson-entrega-ministerio-do-trabalho-temer\/","title":{"rendered":"Roberto Jefferson entrega Minist\u00e9rio do Trabalho a Temer"},"content":{"rendered":"<h2>Diante da nova fase da Opera\u00e7\u00e3o Registro Esp\u00fario, conduzida pela Pol\u00edcia Federal no Minist\u00e9rio do Trabalho, o presidente do PTB, Roberto Jefferson, decidiu entregar o controle da Pasta ao presidente Michel Temer. O minist\u00e9rio de tornou um antro de corrup\u00e7\u00e3o e n\u00e3o sai das p\u00e1ginas policiais h\u00e1 tempos.<\/h2>\n<p>&nbsp;<\/p>\n<p>Hoje, o ministro do Trabalho, Helton Yomura, indicado pela filha de Jefferson, Cristiane Brasil, foi levado para depor, e o chefe de gabinete dele,\u00a0J\u00falio de Souza Bernardes, foi preso. Al\u00e9m disso, todos os gabinetes de deputados do PTB na C\u00e2mara foram vasculhados. Yomura foi afastado do cargo pelo Supremo Tribunal Federal (STF).<\/p>\n<p>&nbsp;<\/p>\n<p>A Opera\u00e7\u00e3o Registro Esp\u00fario mira um esquema de fraudes e corrup\u00e7\u00e3o no Minist\u00e9rio do Trabalho. A Pasta estaria cobrando propina para liberar registro de sindicatos fantasmas, cujo \u00fanico objetivo era arrecadar dinheiro de trabalhadores de forma compuls\u00f3ria, o que foi proibido pela reforma trabalhista.<\/p>\n<p>&nbsp;<\/p>\n<p>Entre os principais alvos da PF est\u00e1 o deputado federal Nelson Marquezelli (PTB-SP). Ele se diz inocente, assim como Yomura. Por decis\u00e3o da Justi\u00e7a, tanto o ministro quanto o deputado est\u00e3o proibidos de frequentarem o minist\u00e9rio. Tamb\u00e9m n\u00e3o poder\u00e3o ter contato com servidores e investigados no caso.\u00a0Marquezelli s\u00f3 poder\u00e1 ir at\u00e9 o \u00f3rg\u00e3o em caso imprescind\u00edvel para o exerc\u00edcio do mandato. Para isso, ter\u00e1 de enviar pr\u00e9via justificativa ao STF.<\/p>\n<p>&nbsp;<\/p>\n<p>Havia tempos Temer tentava retomar o controle do Minist\u00e9rio do Trabalho, que se tornou uma enorme fonte de desgaste para o governo. Mas o presidente n\u00e3o queria comprar briga com Jefferson, que, quando se sente acuado, parte para o ataque e n\u00e3o se furta em revelar todos os esquemas dos quais participa. Foi assim que ele revelou o Mensal\u00e3o e detonou o governo Lula.<\/p>\n<p>&nbsp;<\/p>\n<p>O Pal\u00e1cio do Planalto tem pressa\u00a0em dar uma solu\u00e7\u00e3o para o Minist\u00e9rio do Trabalho. Helton Yomura deve ser afastado de vez do cargo. O dif\u00edcil ser\u00e1 encontrar algu\u00e9m honesto que queira enfrentar, sem medo, a corrup\u00e7\u00e3o que se instalou na Pasta que deveria estar desenvolvendo pol\u00edticas para incrementar o desemprego.<\/p>\n<p>&nbsp;<\/p>\n<p><em>Bras\u00edlia, 12h05min<\/em><\/p>\n","protected":false},"excerpt":{"rendered":"<p>Diante da nova fase da Opera\u00e7\u00e3o Registro Esp\u00fario, conduzida pela Pol\u00edcia Federal no Minist\u00e9rio do Trabalho, o presidente do PTB, Roberto Jefferson, decidiu entregar o controle da Pasta ao presidente Michel Temer. O minist\u00e9rio de tornou um antro de corrup\u00e7\u00e3o e n\u00e3o sai das p\u00e1ginas policiais h\u00e1 tempos. &nbsp; Hoje, o ministro do Trabalho, Helton [&hellip;]<\/p>\n","protected":false},"author":22,"featured_media":0,"comment_status":"open","ping_status":"closed","sticky":false,"template":"","format":"standard","meta":{"footnotes":""},"categories":[600],"tags":[1094,3510,271,351,3416,1583],"class_list":["post-8613","post","type-post","status-publish","format-standard","hentry","category-economia","tag-ministerio-do-trabalho","tag-operacao-registro-espurio","tag-pf","tag-prisao","tag-ptb","tag-roberto-jefferson"],"_links":{"self":[{"href":"https:\/\/blogs.correiobraziliense.com.br\/vicente\/wp-json\/wp\/v2\/posts\/8613","targetHints":{"allow":["GET"]}}],"collection":[{"href":"https:\/\/blogs.correiobraziliense.com.br\/vicente\/wp-json\/wp\/v2\/posts"}],"about":[{"href":"https:\/\/blogs.correiobraziliense.com.br\/vicente\/wp-json\/wp\/v2\/types\/post"}],"author":[{"embeddable":true,"href":"https:\/\/blogs.correiobraziliense.com.br\/vicente\/wp-json\/wp\/v2\/users\/22"}],"replies":[{"embeddable":true,"href":"https:\/\/blogs.correiobraziliense.com.br\/vicente\/wp-json\/wp\/v2\/comments?post=8613"}],"version-history":[{"count":13,"href":"https:\/\/blogs.correiobraziliense.com.br\/vicente\/wp-json\/wp\/v2\/posts\/8613\/revisions"}],"predecessor-version":[{"id":8626,"href":"https:\/\/blogs.correiobraziliense.com.br\/vicente\/wp-json\/wp\/v2\/posts\/8613\/revisions\/8626"}],"wp:attachment":[{"href":"https:\/\/blogs.correiobraziliense.com.br\/vicente\/wp-json\/wp\/v2\/media?parent=8613"}],"wp:term":[{"taxonomy":"category","embeddable":true,"href":"https:\/\/blogs.correiobraziliense.com.br\/vicente\/wp-json\/wp\/v2\/categories?post=8613"},{"taxonomy":"post_tag","embeddable":true,"href":"https:\/\/blogs.correiobraziliense.com.br\/vicente\/wp-json\/wp\/v2\/tags?post=8613"}],"curies":[{"name":"wp","href":"https:\/\/api.w.org\/{rel}","templated":true}]}}