{"id":8601,"date":"2018-07-04T06:24:05","date_gmt":"2018-07-04T09:24:05","guid":{"rendered":"https:\/\/blogs.correiobraziliense.com.br\/vicente\/?p=8601"},"modified":"2018-07-04T16:54:16","modified_gmt":"2018-07-04T19:54:16","slug":"resultado-das-eleicoes-pode-levar-dolar-para-mais-de-r-5-inflacao-7-e-derrubar-pib","status":"publish","type":"post","link":"https:\/\/blogs.correiobraziliense.com.br\/vicente\/resultado-das-eleicoes-pode-levar-dolar-para-mais-de-r-5-inflacao-7-e-derrubar-pib\/","title":{"rendered":"Resultado das elei\u00e7\u00f5es pode levar d\u00f3lar para mais de R$ 5, infla\u00e7\u00e3o a 7% e derrubar PIB"},"content":{"rendered":"<h2>ANTONIO TEM\u00d3TEO<\/h2>\n<h2><\/h2>\n<h2>Nas reuni\u00f5es semanais que mant\u00e9m com economistas e analistas de mercado, o presidente do Banco Central (BC), Ilan Goldfajn, tem recebido previs\u00f5es catastr\u00f3ficas para a economia brasileira caso o candidato eleito para ocupar o Pal\u00e1cio do Planalto, a partir de janeiro de 2019, n\u00e3o tenha compromisso com a continuidade dos ajustes e reformas.<\/h2>\n<p>&nbsp;<\/p>\n<p>A pluralidade de postulantes \u00e0 Presid\u00eancia da Rep\u00fablica e a falta de previsibilidade econ\u00f4mica levam analistas a estimar que o d\u00f3lar pode disparar para mais R$ 5 logo ap\u00f3s as elei\u00e7\u00f5es, em outubro, sem um reformista \u00e0 frente do Executivo. A SPX Capital estima que, caso esse cen\u00e1rio se confirme, a moeda norte-americana pode terminar o ano cotada a R$ 5,30. O Bank of America Merrill Lynch projeta a divisa estrangeira em R$ 5,50, infla\u00e7\u00e3o em 7%, juros em dois d\u00edgitos e retra\u00e7\u00e3o do Produto Interno Bruto (PIB).<\/p>\n<p>&nbsp;<\/p>\n<p>O estrategista Ronaldo Patah, do UBS Wealth Management, explica que a causa da turbul\u00eancia atual \u00e9 o desequil\u00edbrio fiscal no governo, o que significa que n\u00e3o h\u00e1 espa\u00e7o para cortar impostos ou evitar, por exemplo, o aumento dr\u00e1stico nos pre\u00e7os do diesel e do g\u00e1s que desencadearam a greve dos caminhoneiros no m\u00eas passado. \u201cEm nossa opini\u00e3o, esta situa\u00e7\u00e3o s\u00f3 ser\u00e1 corrigida quando a legislatura aprovar o projeto de reforma da Previd\u00eancia, que, provavelmente, n\u00e3o ser\u00e1 votada at\u00e9 o come\u00e7o do ano que vem\u201d, destaca.<\/p>\n<p>&nbsp;<\/p>\n<p>Como resultado de todo o imbr\u00f3glio pol\u00edtico e da greve dos caminhoneiros, ele avalia que as chances de um candidato reformista passar para o segundo turno da elei\u00e7\u00e3o presidencial s\u00e3o menores do que antes da paralisa\u00e7\u00e3o. \u201cNosso cen\u00e1rio base, agora, tem 60% de chances de que o pr\u00f3ximo presidente seja quase reformista, ou algu\u00e9m que n\u00e3o tenha uma forte convic\u00e7\u00e3o sobre as reformas que devem ser feitas para consertar a economia\u201d, afirma.<\/p>\n<p>&nbsp;<\/p>\n<p>Patah adverte que as chances de um candidato antirreformista alcan\u00e7ar o segundo turno da elei\u00e7\u00e3o cresceram. \u201cNossa hip\u00f3tese b\u00e1sica era de que um reformista fosse eleito. Agora, as maiores chances s\u00e3o de um \u2018quase reformista\u2019. Adicionalmente, a amea\u00e7a de um antirreformista estar no segundo turno aumentou, j\u00e1 que a recupera\u00e7\u00e3o econ\u00f4mica tem sido frustrante e o foco dos eleitores \u00e9 reduzir a corrup\u00e7\u00e3o e a viol\u00eancia\u201d, comenta.<\/p>\n<p>&nbsp;<\/p>\n<p><strong>Riscos<\/strong><\/p>\n<p>&nbsp;<\/p>\n<p>O presidente do BC tem evitado se manifestar publicamente sobre os efeitos da incerteza eleitoral na economia e no pre\u00e7o dos ativos. Ap\u00f3s muita insist\u00eancia, ele se limitou a dizer durante a divulga\u00e7\u00e3o do Relat\u00f3rio Trimestral de Infla\u00e7\u00e3o (RTI), na semana passada, que as proje\u00e7\u00f5es para a infla\u00e7\u00e3o que constam do documento levam em conta a continuidade da agenda de reformas e ajustes.<\/p>\n<p>&nbsp;<\/p>\n<p>A prud\u00eancia de Ilan neste momento \u00e9 necess\u00e1ria para evitar ainda mais volatilidade nos mercados. Apesar disso, o chefe da autoridade monet\u00e1ria sinaliza, na pr\u00e1tica, que a elei\u00e7\u00e3o de um candidato sem compromisso com reformas desancorar\u00e1 as expectativas para a infla\u00e7\u00e3o e que os investidores cobrar\u00e3o um pr\u00eamio de risco maior para financiar a d\u00edvida p\u00fablica brasileira.<\/p>\n<p>&nbsp;<\/p>\n<p>Sem d\u00favida, o principal risco para a recupera\u00e7\u00e3o da economia brasileira \u00e9 o n\u00edvel de imprevisibilidade do processo eleitoral. Diante desse cen\u00e1rio, a tend\u00eancia \u00e9 de volatilidade ao longo dos pr\u00f3ximos quatro meses. O BC e o Tesouro Nacional t\u00eam sinalizado que atuar\u00e3o para garantir a boa funcionalidade dos mercados, mas n\u00e3o ter\u00e3o for\u00e7a para garantir estabilidade se um candidato antirreformas for eleito.<\/p>\n<p>&nbsp;<\/p>\n<p>E o n\u00edvel de volatilidade j\u00e1 assusta o mercado. Apesar de ter fechado a ter\u00e7a-feira (03\/07) em queda de 0,43%, vendido a R$ 3,896, o d\u00f3lar j\u00e1 acumula alta de superior a 17% no ano. A Bolsa de Valores de S\u00e3o Paulo (B3), que j\u00e1 ultrapassou os 80 mil pontos, corre o risco de desabar para menos de 50 mil, alertam analistas. Toda essa incerteza tem se traduzido na eleva\u00e7\u00e3o do risco Brasil. Os Credit Default Swaps (CDS) brasileiros de cinco anos, uma esp\u00e9cie de seguro contra calotes, j\u00e1 est\u00e3o em 268 pontos, n\u00edvel considerado alto.<\/p>\n<p>&nbsp;<\/p>\n<p>Durante o governo Dilma Rousseff, a taxa superou os 500 pontos. Durante a gest\u00e3o de Michel Temer, chegou a cair para 140. A eleva\u00e7\u00e3o de quase 130 pontos indica que os pr\u00f3ximos meses reservar\u00e3o fortes emo\u00e7\u00f5es para os investidores. As urnas definir\u00e3o o futuro do pa\u00eds e as escolhas se dividem entre a volta das pol\u00edticas que levaram o pa\u00eds para o atoleiro e a op\u00e7\u00e3o por uma agenda de recupera\u00e7\u00e3o gradual.<\/p>\n<p>&nbsp;<\/p>\n<p><em>Bras\u00edlia, 06h24min<\/em><\/p>\n","protected":false},"excerpt":{"rendered":"<p>ANTONIO TEM\u00d3TEO Nas reuni\u00f5es semanais que mant\u00e9m com economistas e analistas de mercado, o presidente do Banco Central (BC), Ilan Goldfajn, tem recebido previs\u00f5es catastr\u00f3ficas para a economia brasileira caso o candidato eleito para ocupar o Pal\u00e1cio do Planalto, a partir de janeiro de 2019, n\u00e3o tenha compromisso com a continuidade dos ajustes e reformas. [&hellip;]<\/p>\n","protected":false},"author":22,"featured_media":0,"comment_status":"open","ping_status":"closed","sticky":false,"template":"","format":"standard","meta":{"footnotes":""},"categories":[600],"tags":[343,665,14,4,58],"class_list":["post-8601","post","type-post","status-publish","format-standard","hentry","category-economia","tag-dolar","tag-eleicoes","tag-inflacao","tag-juros","tag-pib"],"_links":{"self":[{"href":"https:\/\/blogs.correiobraziliense.com.br\/vicente\/wp-json\/wp\/v2\/posts\/8601","targetHints":{"allow":["GET"]}}],"collection":[{"href":"https:\/\/blogs.correiobraziliense.com.br\/vicente\/wp-json\/wp\/v2\/posts"}],"about":[{"href":"https:\/\/blogs.correiobraziliense.com.br\/vicente\/wp-json\/wp\/v2\/types\/post"}],"author":[{"embeddable":true,"href":"https:\/\/blogs.correiobraziliense.com.br\/vicente\/wp-json\/wp\/v2\/users\/22"}],"replies":[{"embeddable":true,"href":"https:\/\/blogs.correiobraziliense.com.br\/vicente\/wp-json\/wp\/v2\/comments?post=8601"}],"version-history":[{"count":1,"href":"https:\/\/blogs.correiobraziliense.com.br\/vicente\/wp-json\/wp\/v2\/posts\/8601\/revisions"}],"predecessor-version":[{"id":8602,"href":"https:\/\/blogs.correiobraziliense.com.br\/vicente\/wp-json\/wp\/v2\/posts\/8601\/revisions\/8602"}],"wp:attachment":[{"href":"https:\/\/blogs.correiobraziliense.com.br\/vicente\/wp-json\/wp\/v2\/media?parent=8601"}],"wp:term":[{"taxonomy":"category","embeddable":true,"href":"https:\/\/blogs.correiobraziliense.com.br\/vicente\/wp-json\/wp\/v2\/categories?post=8601"},{"taxonomy":"post_tag","embeddable":true,"href":"https:\/\/blogs.correiobraziliense.com.br\/vicente\/wp-json\/wp\/v2\/tags?post=8601"}],"curies":[{"name":"wp","href":"https:\/\/api.w.org\/{rel}","templated":true}]}}