{"id":8581,"date":"2018-07-03T16:01:19","date_gmt":"2018-07-03T19:01:19","guid":{"rendered":"https:\/\/blogs.correiobraziliense.com.br\/vicente\/?p=8581"},"modified":"2018-07-03T17:12:44","modified_gmt":"2018-07-03T20:12:44","slug":"petrobras-deposita-quase-us-1-bilhao-para-encerrar-acao-nos-eua","status":"publish","type":"post","link":"https:\/\/blogs.correiobraziliense.com.br\/vicente\/petrobras-deposita-quase-us-1-bilhao-para-encerrar-acao-nos-eua\/","title":{"rendered":"Petrobras deposita quase US$ 1 bilh\u00e3o para encerrar a\u00e7\u00e3o nos EUA"},"content":{"rendered":"<h2>SIMONE KAFRUNI<\/h2>\n<h2><\/h2>\n<h2>A Petrobras anunciou nesta ter\u00e7a-feira (03\/07) que depositou a segunda parcela de acordo para encerrar a class action nos Estados Unidos, no valor de US$ 983 milh\u00f5es. A companhia pagou a primeira parcela, de US$ 983 milh\u00f5es, em mar\u00e7o deste ano, e dever\u00e1 fazer o dep\u00f3sito da \u00faltima, de US$ 984 milh\u00f5es, at\u00e9 15 de janeiro de 2019.<\/h2>\n<p>&nbsp;<\/p>\n<p>No total, a estatal se prop\u00f4s a desembolsar US$ 2,95 bilh\u00f5es, o equivalente a aproximadamente R$ 11 bilh\u00f5es, para evitar que os investidores norte-americanos levassem adiante uma a\u00e7\u00e3o coletiva em curso na corte federal de Nova York. Na Justi\u00e7a, os detentores de pap\u00e9is e t\u00edtulos da Petrobras queriam ser ressarcidos por preju\u00edzos provocados com a corrup\u00e7\u00e3o na empresa.<\/p>\n<p>&nbsp;<\/p>\n<p>\u201cA companhia reitera que o acordo n\u00e3o constitui admiss\u00e3o de culpa ou de pr\u00e1tica de atos irregulares pela Petrobras, reconhecida pelas autoridades brasileiras como v\u00edtima dos fatos revelados pela Opera\u00e7\u00e3o Lava-Jato\u201d, afirmou em nota.<\/p>\n<p>&nbsp;<\/p>\n<p>Na ocasi\u00e3o, a diretoria da Petrobras, ent\u00e3o presidida pelo Pedro Parente, justificou a necessidade de acordo para \u201celiminar o risco de um julgamento desfavor\u00e1vel que, conforme anteriormente reportado ao mercado no formul\u00e1rio anual arquivado na bolsa de valores brasileira e americana, poderia causar efeitos materiais adversos \u00e0 companhia e a sua situa\u00e7\u00e3o financeira\u201d.<\/p>\n<p>&nbsp;<\/p>\n<p>Parente chegou a afirmar, na \u00e9poca, que pagar quase US$ 3 bilh\u00f5es colocaria \u201cum fim a incertezas, \u00f4nus e custos associados \u00e0 continuidade da a\u00e7\u00e3o coletiva\u201d. A proposta prev\u00ea o parcelamento do valor total em tr\u00eas parcelas, sendo que a \u00faltima est\u00e1 prevista para ser paga at\u00e9 15 de janeiro de 2019. O valor total do acordo j\u00e1 foi provisionado no balan\u00e7o do quarto trimestre de 2017.<\/p>\n<p>&nbsp;<\/p>\n<p><em>Bras\u00edlia, 16h01min<\/em><\/p>\n","protected":false},"excerpt":{"rendered":"<p>SIMONE KAFRUNI A Petrobras anunciou nesta ter\u00e7a-feira (03\/07) que depositou a segunda parcela de acordo para encerrar a class action nos Estados Unidos, no valor de US$ 983 milh\u00f5es. A companhia pagou a primeira parcela, de US$ 983 milh\u00f5es, em mar\u00e7o deste ano, e dever\u00e1 fazer o dep\u00f3sito da \u00faltima, de US$ 984 milh\u00f5es, at\u00e9 [&hellip;]<\/p>\n","protected":false},"author":22,"featured_media":0,"comment_status":"open","ping_status":"closed","sticky":false,"template":"","format":"standard","meta":{"footnotes":""},"categories":[600],"tags":[3467,363,228,3504],"class_list":["post-8581","post","type-post","status-publish","format-standard","hentry","category-economia","tag-acao","tag-estados-unidos","tag-petrobras","tag-quase-us-1-bilhao"],"_links":{"self":[{"href":"https:\/\/blogs.correiobraziliense.com.br\/vicente\/wp-json\/wp\/v2\/posts\/8581","targetHints":{"allow":["GET"]}}],"collection":[{"href":"https:\/\/blogs.correiobraziliense.com.br\/vicente\/wp-json\/wp\/v2\/posts"}],"about":[{"href":"https:\/\/blogs.correiobraziliense.com.br\/vicente\/wp-json\/wp\/v2\/types\/post"}],"author":[{"embeddable":true,"href":"https:\/\/blogs.correiobraziliense.com.br\/vicente\/wp-json\/wp\/v2\/users\/22"}],"replies":[{"embeddable":true,"href":"https:\/\/blogs.correiobraziliense.com.br\/vicente\/wp-json\/wp\/v2\/comments?post=8581"}],"version-history":[{"count":4,"href":"https:\/\/blogs.correiobraziliense.com.br\/vicente\/wp-json\/wp\/v2\/posts\/8581\/revisions"}],"predecessor-version":[{"id":8585,"href":"https:\/\/blogs.correiobraziliense.com.br\/vicente\/wp-json\/wp\/v2\/posts\/8581\/revisions\/8585"}],"wp:attachment":[{"href":"https:\/\/blogs.correiobraziliense.com.br\/vicente\/wp-json\/wp\/v2\/media?parent=8581"}],"wp:term":[{"taxonomy":"category","embeddable":true,"href":"https:\/\/blogs.correiobraziliense.com.br\/vicente\/wp-json\/wp\/v2\/categories?post=8581"},{"taxonomy":"post_tag","embeddable":true,"href":"https:\/\/blogs.correiobraziliense.com.br\/vicente\/wp-json\/wp\/v2\/tags?post=8581"}],"curies":[{"name":"wp","href":"https:\/\/api.w.org\/{rel}","templated":true}]}}