{"id":8576,"date":"2018-07-03T10:16:10","date_gmt":"2018-07-03T13:16:10","guid":{"rendered":"https:\/\/blogs.correiobraziliense.com.br\/vicente\/?p=8576"},"modified":"2018-07-03T15:37:02","modified_gmt":"2018-07-03T18:37:02","slug":"servidores-se-movimentam-para-garantir-reajuste-de-salario-em-2019","status":"publish","type":"post","link":"https:\/\/blogs.correiobraziliense.com.br\/vicente\/servidores-se-movimentam-para-garantir-reajuste-de-salario-em-2019\/","title":{"rendered":"Servidores se movimentam para garantir reajuste de sal\u00e1rio em 2019"},"content":{"rendered":"<h2>A decis\u00e3o do senador Dal\u00edrio Beber (PSDB-SC) de n\u00e3o prever reajustes para os servidores federais em 2019 e de n\u00e3o garantir aumento nos valores de benef\u00edcios como aux\u00edlio-alimenta\u00e7\u00e3o e moradia no ano que vem deixou o funcionalismo furioso. Representantes da categoria prometem fazer um grande barulho no Congresso para derrubar a proibi\u00e7\u00e3o de corre\u00e7\u00e3o dos sal\u00e1rios.<\/h2>\n<p>&nbsp;<\/p>\n<p>Para os servidores, \u00e9 inaceit\u00e1vel que nem a atualiza\u00e7\u00e3o pela infla\u00e7\u00e3o esteja prevista no\u00a0Projeto de Lei de Diretrizes Or\u00e7ament\u00e1rias (PLDO) de 2019 relatado por Dal\u00edrio Beber. A indigna\u00e7\u00e3o maior \u00e9 entre o carreir\u00e3o, que re\u00fane o grosso do funcionalismo, que j\u00e1 n\u00e3o teve reajuste em 2018, pois, no acordo fechado ainda no governo de Dilma Rousseff, garantiu aumento de 10,8% dividido em duas parcelas (2016 e 2017).<\/p>\n<p>&nbsp;<\/p>\n<p>Por lei, s\u00f3 est\u00e1 garantido o aumento para as carreiras de Estado, que receber\u00e3o a \u00faltima parcela do reajuste tamb\u00e9m firmado no governo Dilma e ratificado por Michel Temer. Essas carreiras dividiram o aumento de mais de 27% em quatro parcelas, a \u00faltima delas em 2019. No que depender do Minist\u00e9rio do Planejamento, nem essa parcela ser\u00e1 paga. A meta \u00e9 adi\u00e1-la para 2020.<\/p>\n<p>&nbsp;<\/p>\n<p>Na avalia\u00e7\u00e3o do relator, o governo n\u00e3o tem condi\u00e7\u00f5es de acomodar mais gastos, uma vez que o deficit fiscal \u00e9 enorme. Pelos c\u00e1lculos dele, \u00e9 preciso\u00a0reduzir em 10% as despesas com custeio administrativo, o que obrigar\u00e1 todos os minist\u00e9rios a reverem os gastos. Isso passa, inclusive, pela proibi\u00e7\u00e3o de\u00a0cria\u00e7\u00e3o de subs\u00eddios e de nomea\u00e7\u00e3o de servidores civis ou militares, a n\u00e3o ser para reposi\u00e7\u00e3o de vagas nas \u00e1reas de educa\u00e7\u00e3o, sa\u00fade, seguran\u00e7a p\u00fablica e defesa.<\/p>\n<p>&nbsp;<\/p>\n<p>A perspectiva \u00e9 de que o relat\u00f3rio de Beber seja lido nesta quarta-feira (04\/07) na Comiss\u00e3o Mista do Or\u00e7amento do Congresso. No que depender dos servidores, a gritaria contra o documento ser\u00e1 grande. Para representantes do funcionalismo, o Congresso n\u00e3o pode fechar as portar para uma eventual negocia\u00e7\u00e3o com o governo que garanta pelo menos a reposi\u00e7\u00e3o da infla\u00e7\u00e3o, que, mesmo baixa, faz estrago no or\u00e7amento das fam\u00edlias.<\/p>\n<p>&nbsp;<\/p>\n<p><em>Bras\u00edlia, 10h16min<\/em><\/p>\n","protected":false},"excerpt":{"rendered":"<p>A decis\u00e3o do senador Dal\u00edrio Beber (PSDB-SC) de n\u00e3o prever reajustes para os servidores federais em 2019 e de n\u00e3o garantir aumento nos valores de benef\u00edcios como aux\u00edlio-alimenta\u00e7\u00e3o e moradia no ano que vem deixou o funcionalismo furioso. Representantes da categoria prometem fazer um grande barulho no Congresso para derrubar a proibi\u00e7\u00e3o de corre\u00e7\u00e3o dos [&hellip;]<\/p>\n","protected":false},"author":22,"featured_media":0,"comment_status":"open","ping_status":"closed","sticky":false,"template":"","format":"standard","meta":{"footnotes":""},"categories":[600],"tags":[3502,521,549,264,123],"class_list":["post-8576","post","type-post","status-publish","format-standard","hentry","category-economia","tag-dalirio-beber","tag-ldo","tag-orcamento","tag-reajuste","tag-servidores"],"_links":{"self":[{"href":"https:\/\/blogs.correiobraziliense.com.br\/vicente\/wp-json\/wp\/v2\/posts\/8576","targetHints":{"allow":["GET"]}}],"collection":[{"href":"https:\/\/blogs.correiobraziliense.com.br\/vicente\/wp-json\/wp\/v2\/posts"}],"about":[{"href":"https:\/\/blogs.correiobraziliense.com.br\/vicente\/wp-json\/wp\/v2\/types\/post"}],"author":[{"embeddable":true,"href":"https:\/\/blogs.correiobraziliense.com.br\/vicente\/wp-json\/wp\/v2\/users\/22"}],"replies":[{"embeddable":true,"href":"https:\/\/blogs.correiobraziliense.com.br\/vicente\/wp-json\/wp\/v2\/comments?post=8576"}],"version-history":[{"count":1,"href":"https:\/\/blogs.correiobraziliense.com.br\/vicente\/wp-json\/wp\/v2\/posts\/8576\/revisions"}],"predecessor-version":[{"id":8577,"href":"https:\/\/blogs.correiobraziliense.com.br\/vicente\/wp-json\/wp\/v2\/posts\/8576\/revisions\/8577"}],"wp:attachment":[{"href":"https:\/\/blogs.correiobraziliense.com.br\/vicente\/wp-json\/wp\/v2\/media?parent=8576"}],"wp:term":[{"taxonomy":"category","embeddable":true,"href":"https:\/\/blogs.correiobraziliense.com.br\/vicente\/wp-json\/wp\/v2\/categories?post=8576"},{"taxonomy":"post_tag","embeddable":true,"href":"https:\/\/blogs.correiobraziliense.com.br\/vicente\/wp-json\/wp\/v2\/tags?post=8576"}],"curies":[{"name":"wp","href":"https:\/\/api.w.org\/{rel}","templated":true}]}}