{"id":8566,"date":"2018-07-02T11:10:51","date_gmt":"2018-07-02T14:10:51","guid":{"rendered":"https:\/\/blogs.correiobraziliense.com.br\/vicente\/?p=8566"},"modified":"2018-07-02T11:18:33","modified_gmt":"2018-07-02T14:18:33","slug":"em-dia-de-jogo-do-brasil-dolar-vai-r-391-numa-afronta-ao-bc","status":"publish","type":"post","link":"https:\/\/blogs.correiobraziliense.com.br\/vicente\/em-dia-de-jogo-do-brasil-dolar-vai-r-391-numa-afronta-ao-bc\/","title":{"rendered":"Em dia de jogo do Brasil, d\u00f3lar vai a R$ 3,91, numa afronta ao BC"},"content":{"rendered":"<h2>Enquanto todas as aten\u00e7\u00f5es est\u00e3o voltadas para o jogo do Brasil contra o M\u00e9xico, os investidores aproveitam para for\u00e7ar a alta do d\u00f3lar, que est\u00e1 sendo negociado a R$ 3,91 para venda. A alega\u00e7\u00e3o do mercado \u00e9 de que o clima azedou muito no exterior, sobretudo por causa das declara\u00e7\u00f5es do presidente dos Estados Unidos Donald Trump, contra a Uni\u00e3o Europeia. Ele criticou os acordos comerciais dos EUA com o bloco europeu.<\/h2>\n<p>&nbsp;<\/p>\n<p>Segundo Trump, as rela\u00e7\u00f5es comerciais com a Uni\u00e3o Europeia s\u00e3o &#8220;t\u00e3o m\u00e1s quanto \u00e0s com a China&#8221;. O presidente norte-americano citou, sobretudo a quest\u00e3o do mercado automotivo. &#8220;Vejam bem: eles mandam suas Mercedes para o nosso pa\u00eds e n\u00f3s n\u00e3o podemos mandar nossos carros para eles.&#8221; Foi o suficiente para os investidores surtarem.<\/p>\n<p>&nbsp;<\/p>\n<p>Para piorar o clima, indicadores mostraram enfraquecimento da produ\u00e7\u00e3o industrial na China na passagem de maio para junho, indicando que a segunda economia do planeta pode estar entrando em um processo de desacelera\u00e7\u00e3o do crescimento, o que afeta, principalmente, os pa\u00edses emergentes como o Brasil, grandes exportadores de commodities para os asi\u00e1ticos.<\/p>\n<p>&nbsp;<\/p>\n<p>A grande pergunta no mercado \u00e9 sobre a atua\u00e7\u00e3o do Banco Central. Ser\u00e1 que a autoridade monet\u00e1ria entrar\u00e1 pesado para conter a press\u00e3o sobre o d\u00f3lar? A expectativa \u00e9 de que sim, t\u00e3o logo acabe os jogo do Brasil.<\/p>\n<p>&nbsp;<\/p>\n<p><strong>Bolsa em queda<\/strong><\/p>\n<p>&nbsp;<\/p>\n<p>Se o d\u00f3lar subiu, a Bolsa de Valores de S\u00e3o Paulo (B3) foi na dire\u00e7\u00e3o oposta, puxada para baixo pelas a\u00e7\u00f5es de empresas sider\u00fargicas. Por volta das 10h55, o Ibovespa, \u00edndice que mede a lucratividade das a\u00e7\u00f5es mais negociadas no preg\u00e3o paulistas, ca\u00eda 0,72%, para os 72.237 pontos.<\/p>\n<p>&nbsp;<\/p>\n<p>Um dos poucos pontos positivos do mercado acion\u00e1rio vinha das a\u00e7\u00f5es da BRF, que controla a Sadia e a Perdig\u00e3o. As informa\u00e7\u00f5es de que o novo presidente da companhia, Pedro Parente, daria in\u00edcio a um desmonte de tudo o que havia sido feito na empresa por Ab\u00edlio Diniz, um de seus acionistas, animaram os investidores. Os pap\u00e9is da BRF subiam 12% no meio da manh\u00e3.<\/p>\n<p>&nbsp;<\/p>\n<p><em>Bras\u00edlia, 11h10min<\/em><\/p>\n","protected":false},"excerpt":{"rendered":"<p>Enquanto todas as aten\u00e7\u00f5es est\u00e3o voltadas para o jogo do Brasil contra o M\u00e9xico, os investidores aproveitam para for\u00e7ar a alta do d\u00f3lar, que est\u00e1 sendo negociado a R$ 3,91 para venda. A alega\u00e7\u00e3o do mercado \u00e9 de que o clima azedou muito no exterior, sobretudo por causa das declara\u00e7\u00f5es do presidente dos Estados Unidos [&hellip;]<\/p>\n","protected":false},"author":22,"featured_media":0,"comment_status":"open","ping_status":"closed","sticky":false,"template":"","format":"standard","meta":{"footnotes":""},"categories":[600],"tags":[3,2393,3499,3494,3500,2311],"class_list":["post-8566","post","type-post","status-publish","format-standard","hentry","category-economia","tag-banco-central","tag-bolsa","tag-dolar-brasil","tag-guerra-comercial","tag-jogo","tag-trump"],"_links":{"self":[{"href":"https:\/\/blogs.correiobraziliense.com.br\/vicente\/wp-json\/wp\/v2\/posts\/8566","targetHints":{"allow":["GET"]}}],"collection":[{"href":"https:\/\/blogs.correiobraziliense.com.br\/vicente\/wp-json\/wp\/v2\/posts"}],"about":[{"href":"https:\/\/blogs.correiobraziliense.com.br\/vicente\/wp-json\/wp\/v2\/types\/post"}],"author":[{"embeddable":true,"href":"https:\/\/blogs.correiobraziliense.com.br\/vicente\/wp-json\/wp\/v2\/users\/22"}],"replies":[{"embeddable":true,"href":"https:\/\/blogs.correiobraziliense.com.br\/vicente\/wp-json\/wp\/v2\/comments?post=8566"}],"version-history":[{"count":4,"href":"https:\/\/blogs.correiobraziliense.com.br\/vicente\/wp-json\/wp\/v2\/posts\/8566\/revisions"}],"predecessor-version":[{"id":8570,"href":"https:\/\/blogs.correiobraziliense.com.br\/vicente\/wp-json\/wp\/v2\/posts\/8566\/revisions\/8570"}],"wp:attachment":[{"href":"https:\/\/blogs.correiobraziliense.com.br\/vicente\/wp-json\/wp\/v2\/media?parent=8566"}],"wp:term":[{"taxonomy":"category","embeddable":true,"href":"https:\/\/blogs.correiobraziliense.com.br\/vicente\/wp-json\/wp\/v2\/categories?post=8566"},{"taxonomy":"post_tag","embeddable":true,"href":"https:\/\/blogs.correiobraziliense.com.br\/vicente\/wp-json\/wp\/v2\/tags?post=8566"}],"curies":[{"name":"wp","href":"https:\/\/api.w.org\/{rel}","templated":true}]}}